{"id":617915,"date":"2023-09-22T15:51:15","date_gmt":"2023-09-22T13:51:15","guid":{"rendered":"https:\/\/www.hashtag.al\/?p=617915"},"modified":"2023-09-22T15:51:15","modified_gmt":"2023-09-22T13:51:15","slug":"nis-ndertimi-i-durres-marina-hapen-themelet-per-dy-ndertesat-e-para","status":"publish","type":"post","link":"https:\/\/www.hashtag.al\/index.php\/2023\/09\/22\/nis-ndertimi-i-durres-marina-hapen-themelet-per-dy-ndertesat-e-para\/","title":{"rendered":"Nis nd\u00ebrtimi i Durr\u00ebs Marina, hapen themelet p\u00ebr dy nd\u00ebrtesat e para","gt_translate_keys":[{"key":"rendered","format":"text"}]},"content":{"rendered":"<p><span style=\"color: #000000;\"><a style=\"color: #000000;\" href=\"https:\/\/www.hashtag.al\/wp-content\/uploads\/2023\/09\/durres-marina.png\"><img loading=\"lazy\" decoding=\"async\" class=\"aligncenter size-full wp-image-617916\" src=\"https:\/\/www.hashtag.al\/wp-content\/uploads\/2023\/09\/durres-marina.png\" alt=\"\" width=\"640\" height=\"381\" srcset=\"https:\/\/www.hashtag.al\/wp-content\/uploads\/2023\/09\/durres-marina.png 640w, https:\/\/www.hashtag.al\/wp-content\/uploads\/2023\/09\/durres-marina-300x179.png 300w\" sizes=\"auto, (max-width: 640px) 100vw, 640px\" \/><\/a><\/span><\/p>\n<p><span style=\"color: #000000;\">Projekti i marin\u00ebs s\u00eb Durr\u00ebsit ka filluar zyrtarisht punimet.<\/span><\/p>\n<p><span style=\"color: #000000;\">Pas marrjes s\u00eb lejeve t\u00eb nevojshme t\u00eb nd\u00ebrtimit jan\u00eb hapur themelet e dy godinave t\u00eb para t\u00eb banimit, t\u00eb cilat pritet t\u00eb p\u00ebrfundojn\u00eb brenda dy viteve. Kantieri nuk pengon pun\u00ebn e Portit t\u00eb Durr\u00ebsit, n\u00eb t\u00eb cilin puna vijon paralelisht me nd\u00ebrtimin e godinave.<\/span><\/p>\n<p><span style=\"color: #000000;\">\u201c<em>E kuptoj skepticizimin q\u00eb ka pasur n\u00eb lidhje me projektin e marin\u00ebs s\u00eb Durr\u00ebsit p\u00ebr shkak t\u00eb vler\u00ebs s\u00eb madhe t\u00eb saj, por si\u00e7 kuptoj skepticizimin duhet t\u00eb kuptojm\u00eb edhe koh\u00ebn q\u00eb \u00ebsht\u00eb dashur p\u00ebr t\u00eb negociuar kontrat\u00ebn me zhvilluesin n\u00eb m\u00ebnyr\u00eb q\u00eb shteti shqiptar t\u00eb jet\u00eb n\u00eb pozit\u00eb sa m\u00eb t\u00eb mir\u00eb, si edhe koh\u00ebn e nevojshme p\u00ebr t\u00eb marr\u00eb lejet e nd\u00ebrtimit. K\u00ebtu \u00ebsht\u00eb e nevojshme t\u00eb kuptohet q\u00eb lejet e nd\u00ebrtimit jepen parcel\u00eb pas parcele dhe jo p\u00ebr t\u00eb gjith\u00eb tok\u00ebn menj\u00ebher\u00eb. Nd\u00ebrkoh\u00eb jemi n\u00eb faz\u00ebn e fundit t\u00eb dokumentacionit p\u00ebr t\u00eb filluar edhe pjes\u00ebn e rehabilitimit dhe sistemimit t\u00eb plazhit shoq\u00ebruar nga nj\u00eb promenad\u00eb, q\u00eb \u00ebsht\u00eb pjes\u00eb e faz\u00ebs s\u00eb par\u00eb t\u00eb projektit q\u00eb do t\u00eb zgjas\u00eb 5 \u2013 7 vite.<\/em>\u201d-shprehet Erlis Hereni, Drejtor i ASC.<\/span><\/p>\n<p><span style=\"color: #000000;\">Qeveria n\u00eb projektin e marin\u00ebs s\u00eb Durr\u00ebsit \u00ebsht\u00eb 33% aksionere me t\u00eb drejta t\u00eb plota, nd\u00ebrsa menaxhimi i t\u00eb ardhurave do t\u00eb b\u00ebhet nga kompania e krijuar shtet\u00ebrore ASEC.<\/span><\/p>\n<p><span style=\"color: #000000;\">N\u00eb krahun tjet\u00ebr me avancimin e projektit, do t\u00eb filloj\u00eb edhe nd\u00ebrtimi i portit t\u00eb ri tregtar n\u00eb Porto Romano. Pas mbylli faz\u00ebn e projektimit dhe gjetjes s\u00eb financimit, tashm\u00eb pritet t\u00eb p\u00ebrzgjidhet fituesit i kompanis\u00eb nd\u00ebrkomb\u00ebtare t\u00eb nd\u00ebrtimit.<\/span><\/p>\n<p><iframe loading=\"lazy\" title=\"Top Channel\/ Durr\u00ebs, Marina nis nd\u00ebrtimin! Hapen themelet p\u00ebr dy nd\u00ebrtesat e para\" src=\"https:\/\/www.youtube.com\/embed\/O_Dq0wDZpgE\" width=\"822\" height=\"488\" frameborder=\"0\" allowfullscreen=\"allowfullscreen\"><\/iframe><\/p>\n<p><span style=\"color: #000000;\"><span style=\"color: #ff0000;\"><strong>VINI RE<\/strong><\/span>: Artikulli \u00ebsht\u00eb pron\u00eb intelektuale e<a href=\"https:\/\/top-channel.tv\/2023\/09\/22\/durres-marina-nis-ndertimin-hapen-themelet-per-dy-ndertesat-e-para-puna-nuk-do-pengoje-portin\/\"><span style=\"color: #3366ff;\"> Top Channel\u00a0<\/span><\/a><\/span><\/p>\n","protected":false,"gt_translate_keys":[{"key":"rendered","format":"html"}]},"excerpt":{"rendered":"<p>Projekti i marin\u00ebs s\u00eb Durr\u00ebsit ka filluar zyrtarisht punimet. Pas marrjes s\u00eb lejeve t\u00eb nevojshme t\u00eb nd\u00ebrtimit jan\u00eb hapur themelet e dy godinave t\u00eb para t\u00eb banimit, t\u00eb cilat pritet t\u00eb p\u00ebrfundojn\u00eb brenda dy viteve. Kantieri nuk pengon pun\u00ebn e Portit t\u00eb Durr\u00ebsit, n\u00eb t\u00eb cilin puna vijon paralelisht me nd\u00ebrtimin e godinave. \u201cE kuptoj [&hellip;]<\/p>\n","protected":false,"gt_translate_keys":[{"key":"rendered","format":"html"}]},"author":32,"featured_media":617916,"comment_status":"closed","ping_status":"closed","sticky":false,"template":"","format":"standard","meta":{"footnotes":""},"categories":[65,13],"tags":[],"class_list":["post-617915","post","type-post","status-publish","format-standard","has-post-thumbnail","hentry","category-lajme","category-te-fundit"],"gt_translate_keys":[{"key":"link","format":"url"}],"_links":{"self":[{"href":"https:\/\/www.hashtag.al\/index.php\/wp-json\/wp\/v2\/posts\/617915","targetHints":{"allow":["GET"]}}],"collection":[{"href":"https:\/\/www.hashtag.al\/index.php\/wp-json\/wp\/v2\/posts"}],"about":[{"href":"https:\/\/www.hashtag.al\/index.php\/wp-json\/wp\/v2\/types\/post"}],"author":[{"embeddable":true,"href":"https:\/\/www.hashtag.al\/index.php\/wp-json\/wp\/v2\/users\/32"}],"replies":[{"embeddable":true,"href":"https:\/\/www.hashtag.al\/index.php\/wp-json\/wp\/v2\/comments?post=617915"}],"version-history":[{"count":0,"href":"https:\/\/www.hashtag.al\/index.php\/wp-json\/wp\/v2\/posts\/617915\/revisions"}],"wp:featuredmedia":[{"embeddable":true,"href":"https:\/\/www.hashtag.al\/index.php\/wp-json\/wp\/v2\/media\/617916"}],"wp:attachment":[{"href":"https:\/\/www.hashtag.al\/index.php\/wp-json\/wp\/v2\/media?parent=617915"}],"wp:term":[{"taxonomy":"category","embeddable":true,"href":"https:\/\/www.hashtag.al\/index.php\/wp-json\/wp\/v2\/categories?post=617915"},{"taxonomy":"post_tag","embeddable":true,"href":"https:\/\/www.hashtag.al\/index.php\/wp-json\/wp\/v2\/tags?post=617915"}],"curies":[{"name":"wp","href":"https:\/\/api.w.org\/{rel}","templated":true}]}}