{"id":617817,"date":"2023-09-22T10:44:37","date_gmt":"2023-09-22T08:44:37","guid":{"rendered":"https:\/\/www.hashtag.al\/?p=617817"},"modified":"2023-09-22T10:44:37","modified_gmt":"2023-09-22T08:44:37","slug":"shperthim-ne-mitrovice-rikthehen-tensionet-ne-veri-te-kosoves","status":"publish","type":"post","link":"https:\/\/www.hashtag.al\/index.php\/2023\/09\/22\/shperthim-ne-mitrovice-rikthehen-tensionet-ne-veri-te-kosoves\/","title":{"rendered":"Shp\u00ebrthim n\u00eb Mitrovic\u00eb, rikthehen tensionet n\u00eb veri t\u00eb Kosov\u00ebs","gt_translate_keys":[{"key":"rendered","format":"text"}]},"content":{"rendered":"<p><span style=\"font-weight: 400;\"><img loading=\"lazy\" decoding=\"async\" class=\"size-full wp-image-617820 aligncenter\" src=\"https:\/\/www.hashtag.al\/wp-content\/uploads\/2023\/09\/1695365518_kosove.jpg\" alt=\"\" width=\"780\" height=\"440\" srcset=\"https:\/\/www.hashtag.al\/wp-content\/uploads\/2023\/09\/1695365518_kosove.jpg 780w, https:\/\/www.hashtag.al\/wp-content\/uploads\/2023\/09\/1695365518_kosove-300x169.jpg 300w, https:\/\/www.hashtag.al\/wp-content\/uploads\/2023\/09\/1695365518_kosove-768x433.jpg 768w\" sizes=\"auto, (max-width: 780px) 100vw, 780px\" \/><\/span><\/p>\n<p><span style=\"font-weight: 400;\">Nj\u00eb shp\u00ebrthim i fuqish\u00ebm \u00ebsht\u00eb d\u00ebgjuar pas mesnate n\u00eb \u2018Lagjen e Boshnjak\u00ebve\u2019 n\u00eb veri t\u00eb Mitrovic\u00ebs.<\/span><\/p>\n<p><span style=\"font-weight: 400;\">Lajmin u konfirmua nga z\u00ebvend\u00ebsdrejtori i Policis\u00eb s\u00eb Kosov\u00ebs p\u00ebr Veriun e Mitrovic\u00ebs, Veton Elshani.<\/span><\/p>\n<p><i><span style=\"font-weight: 400;\">\u201cShp\u00ebrthimi ka ndodhur mbr\u00ebm\u00eb rreth mesnat\u00ebs, nd\u00ebrsa p\u00ebrve\u00e7 d\u00ebmeve n\u00eb nj\u00eb vetur\u00eb, nuk raportohet p\u00ebr t\u00eb l\u00ebnduar. \u201cN\u00eb vendin e ngjarjes kan\u00eb dal\u00eb Policia dhe po zhvillojn\u00eb hetimet\u201d, tha Elshani.<\/span><\/i><\/p>\n<p><span style=\"font-weight: 400;\">Ky shp\u00ebrthim vjen pas nj\u00eb kohe ku n\u00eb veri t\u00eb Kosov\u00ebs nuk ka pasur tensione. Ende nuk dihen autor\u00ebt.<\/span><\/p>\n","protected":false,"gt_translate_keys":[{"key":"rendered","format":"html"}]},"excerpt":{"rendered":"<p>Nj\u00eb shp\u00ebrthim i fuqish\u00ebm \u00ebsht\u00eb d\u00ebgjuar pas mesnate n\u00eb \u2018Lagjen e Boshnjak\u00ebve\u2019 n\u00eb veri t\u00eb Mitrovic\u00ebs. Lajmin u konfirmua nga z\u00ebvend\u00ebsdrejtori i Policis\u00eb s\u00eb Kosov\u00ebs p\u00ebr Veriun e Mitrovic\u00ebs, Veton Elshani. \u201cShp\u00ebrthimi ka ndodhur mbr\u00ebm\u00eb rreth mesnat\u00ebs, nd\u00ebrsa p\u00ebrve\u00e7 d\u00ebmeve n\u00eb nj\u00eb vetur\u00eb, nuk raportohet p\u00ebr t\u00eb l\u00ebnduar. \u201cN\u00eb vendin e ngjarjes kan\u00eb dal\u00eb Policia [&hellip;]<\/p>\n","protected":false,"gt_translate_keys":[{"key":"rendered","format":"html"}]},"author":4,"featured_media":617820,"comment_status":"closed","ping_status":"closed","sticky":false,"template":"","format":"standard","meta":{"footnotes":""},"categories":[149,13],"tags":[],"class_list":["post-617817","post","type-post","status-publish","format-standard","has-post-thumbnail","hentry","category-kosoverajon","category-te-fundit"],"gt_translate_keys":[{"key":"link","format":"url"}],"_links":{"self":[{"href":"https:\/\/www.hashtag.al\/index.php\/wp-json\/wp\/v2\/posts\/617817","targetHints":{"allow":["GET"]}}],"collection":[{"href":"https:\/\/www.hashtag.al\/index.php\/wp-json\/wp\/v2\/posts"}],"about":[{"href":"https:\/\/www.hashtag.al\/index.php\/wp-json\/wp\/v2\/types\/post"}],"author":[{"embeddable":true,"href":"https:\/\/www.hashtag.al\/index.php\/wp-json\/wp\/v2\/users\/4"}],"replies":[{"embeddable":true,"href":"https:\/\/www.hashtag.al\/index.php\/wp-json\/wp\/v2\/comments?post=617817"}],"version-history":[{"count":0,"href":"https:\/\/www.hashtag.al\/index.php\/wp-json\/wp\/v2\/posts\/617817\/revisions"}],"wp:featuredmedia":[{"embeddable":true,"href":"https:\/\/www.hashtag.al\/index.php\/wp-json\/wp\/v2\/media\/617820"}],"wp:attachment":[{"href":"https:\/\/www.hashtag.al\/index.php\/wp-json\/wp\/v2\/media?parent=617817"}],"wp:term":[{"taxonomy":"category","embeddable":true,"href":"https:\/\/www.hashtag.al\/index.php\/wp-json\/wp\/v2\/categories?post=617817"},{"taxonomy":"post_tag","embeddable":true,"href":"https:\/\/www.hashtag.al\/index.php\/wp-json\/wp\/v2\/tags?post=617817"}],"curies":[{"name":"wp","href":"https:\/\/api.w.org\/{rel}","templated":true}]}}