{"id":617798,"date":"2023-09-22T08:45:51","date_gmt":"2023-09-22T06:45:51","guid":{"rendered":"https:\/\/www.hashtag.al\/?p=617798"},"modified":"2023-09-22T08:45:51","modified_gmt":"2023-09-22T06:45:51","slug":"largimi-i-turisteve-bie-me-20-konsumi-i-embelsirave-dhe-bukes","status":"publish","type":"post","link":"https:\/\/www.hashtag.al\/index.php\/2023\/09\/22\/largimi-i-turisteve-bie-me-20-konsumi-i-embelsirave-dhe-bukes\/","title":{"rendered":"Largimi i turist\u00ebve, bie me 20% konsumi i \u00ebmb\u00eblsirave dhe buk\u00ebs","gt_translate_keys":[{"key":"rendered","format":"text"}]},"content":{"rendered":"<p><span style=\"color: #000000;\"><a href=\"https:\/\/www.hashtag.al\/wp-content\/uploads\/2023\/09\/furre-buke.png\"><img loading=\"lazy\" decoding=\"async\" class=\"aligncenter size-full wp-image-615634\" src=\"https:\/\/www.hashtag.al\/wp-content\/uploads\/2023\/09\/furre-buke.png\" alt=\"\" width=\"1093\" height=\"577\" srcset=\"https:\/\/www.hashtag.al\/wp-content\/uploads\/2023\/09\/furre-buke.png 1093w, https:\/\/www.hashtag.al\/wp-content\/uploads\/2023\/09\/furre-buke-300x158.png 300w, https:\/\/www.hashtag.al\/wp-content\/uploads\/2023\/09\/furre-buke-1024x541.png 1024w, https:\/\/www.hashtag.al\/wp-content\/uploads\/2023\/09\/furre-buke-768x405.png 768w\" sizes=\"auto, (max-width: 1093px) 100vw, 1093px\" \/><\/a><\/span><\/p>\n<p><span style=\"color: #000000;\">Nis r\u00ebnia e konsumit t\u00eb brum\u00ebrave, buk\u00ebs dhe \u00ebmb\u00eblsirave pas p\u00ebrfundimit t\u00eb sezonit turistik.<\/span><\/p>\n<p><span style=\"color: #000000;\">Me r\u00ebnin e fluksit t\u00eb turist\u00ebve t\u00eb huaj dhe largimin e emigrant\u00ebve, n\u00eb dyqanet e tregtimit t\u00eb buk\u00ebs, produkteve t\u00eb tjera t\u00eb brumit dhe pasti\u00e7erive ka nisur t\u00eb ndihet r\u00ebnia e k\u00ebrkes\u00ebs.<\/span><\/p>\n<p><span style=\"color: #000000;\">Prodhuesit e furrave t\u00eb buk\u00ebs dhe \u00ebmb\u00eblsirave pohojn\u00eb se n\u00eb 2 jav\u00ebt e para t\u00eb muajit shtator k\u00ebrkesa ka r\u00ebn\u00eb deri 20% krahasuar me muajin gusht, ku u sh\u00ebnua rritje e lart\u00eb konsumi e ndikuar nga ardhja e turist\u00ebve.<\/span><\/p>\n<p><span style=\"color: #000000;\">Nga p\u00ebrfaq\u00ebsues t\u00eb kompanis\u00eb \u201cXhorxh Bush Bakery\u201d n\u00eb Fush\u00eb-Kruj\u00eb dhe Kruj\u00eb u pohua p\u00ebr Monitor se aktualisht k\u00ebrkesa si p\u00ebr produktet e brumit dhe pasti\u00e7erive \u00ebsht\u00eb 10 deri 20% m\u00eb pak krahasuar me muajt e sezonit turistik. Nd\u00ebrsa n\u00eb raport me muajin shtator 2022 k\u00ebrkesa shfaqet e nj\u00ebjt\u00eb. Sipas tyre n\u00eb muajt e ver\u00ebs pati shtim t\u00eb lart\u00eb t\u00eb k\u00ebrkes\u00ebs p\u00ebr shkak t\u00eb fluksit t\u00eb madh t\u00eb turist\u00ebve.<\/span><\/p>\n<p><span style=\"color: #000000;\">Situata paraqitet e nj\u00ebjt\u00eb edhe n\u00eb Tiran\u00eb. Nga \u201cCaka Kompani\u201d u tha se krahasuar me muajt e ver\u00ebs k\u00ebrkesa p\u00ebr produktet e brumit shfaqet me r\u00ebnie p\u00ebr shkak t\u00eb largimit t\u00eb turist\u00ebve. Edhe sipas k\u00ebtij prodhuesi k\u00ebrkesa nuk ka sh\u00ebnuar tkurrje krahasuar me t\u00eb nj\u00ebjt\u00ebn periudh\u00eb t\u00eb vitit t\u00eb m\u00ebparsh\u00ebm.<\/span><\/p>\n<p><span style=\"color: #000000;\">Sipas tij rritje m\u00eb t\u00eb lart\u00eb t\u00eb k\u00ebrkes\u00ebs p\u00ebr produktet e brumit p\u00ebrgjat\u00eb stin\u00ebs s\u00eb ver\u00ebs pati n\u00eb zonat bregdetare si Durr\u00ebs dhe Lezh\u00eb. Deri n\u00eb fund t\u00eb muajit shtator parashikimet e operator\u00ebve mbeten optimiste p\u00ebr shkak t\u00eb k\u00ebrkes\u00ebs s\u00eb lart\u00eb nga strukturat e hoteleris\u00eb. P\u00ebr muajt n\u00eb vazhdim prodhuesit nuk presin rritje t\u00eb k\u00ebrkes\u00ebs, p\u00ebr shkak t\u00eb largimit t\u00eb popullat\u00ebs.<\/span><\/p>\n<p><span style=\"color: #000000;\">Edhe nga p\u00ebrfaq\u00ebsuesit e kompanis\u00eb \u201cNela\u201d u pohua se n\u00eb raport me muajt e ver\u00ebs k\u00ebrkesa p\u00ebr produktet e brumit \u00ebsht\u00eb ulur.<\/span><\/p>\n<p><span style=\"color: #000000;\">M\u00eb tep\u00ebr shtim n\u00eb shitje p\u00ebrgjat\u00eb sezonit turistik sipas shoqat\u00ebs Buk\u00ebs, Pasti\u00e7erive dhe Brum\u00ebrave e pat\u00ebn dyqanet e produkteve fast food. Prodhuesit e buk\u00ebs n\u00ebnvizojn\u00eb se shitja e k\u00ebtyre produkteve edhe gjat\u00eb muajit shtator vijon t\u00eb jet\u00eb e lart\u00eb, pavar\u00ebsisht largimit t\u00eb turist\u00ebve.<\/span><\/p>\n<p><span style=\"color: #000000;\">T\u00eb dh\u00ebnat e INSTAT b\u00ebn\u00eb t\u00eb ditur se p\u00ebr periudh\u00ebn janar-korrik 2023,m n\u00eb vend kan\u00eb hyr\u00eb gjithsej 5.167.656 shtetas t\u00eb huaj. Ky num\u00ebr \u00ebsht\u00eb rritur me 30,6 %, krahasuar me t\u00eb nj\u00ebjt\u00ebn periudh\u00eb t\u00eb vitit 2022.<\/span><\/p>\n<p><span style=\"color: #000000;\">Nga t\u00eb dh\u00ebnat e Ministris\u00eb s\u00eb Turizmit rezulton se nga Kosova kan\u00eb hyr\u00eb n\u00eb Shqip\u00ebri p\u00ebr 6 muajt e par\u00eb t\u00eb vitit mbi 1.38 milion\u00eb vizitor\u00eb apo 43 p\u00ebr qind m\u00eb shum\u00eb sesa e nj\u00ebjta periudh\u00eb e nj\u00eb viti m\u00eb par\u00eb. N\u00eb vend t\u00eb dyt\u00eb jan\u00eb italian\u00ebt, me 310 mij\u00eb vizitor\u00eb nga shteti fqinj duke sh\u00ebnuar rekord q\u00eb n\u00eb 6 mujorin e par\u00eb. Turist\u00ebt nga Kosova zinin 40% t\u00eb totalit t\u00eb turist\u00ebve dhe nga Italia zinin 9%.\/D.Azo<\/span><\/p>\n<p><span style=\"color: #000000;\"><strong><span style=\"color: #ff0000;\">VINI RE<\/span><\/strong>: Artikulli \u00ebsht\u00eb pron\u00eb intelektuale e <a href=\"https:\/\/www.monitor.al\/konsumi-per-buken-dhe-embelsirat-ulet-deri-20-nga-reduktimi-i-turisteve\/\"><span style=\"color: #800080;\">Revista Monitor<\/span><\/a>.<\/span><\/p>\n","protected":false,"gt_translate_keys":[{"key":"rendered","format":"html"}]},"excerpt":{"rendered":"<p>Nis r\u00ebnia e konsumit t\u00eb brum\u00ebrave, buk\u00ebs dhe \u00ebmb\u00eblsirave pas p\u00ebrfundimit t\u00eb sezonit turistik. Me r\u00ebnin e fluksit t\u00eb turist\u00ebve t\u00eb huaj dhe largimin e emigrant\u00ebve, n\u00eb dyqanet e tregtimit t\u00eb buk\u00ebs, produkteve t\u00eb tjera t\u00eb brumit dhe pasti\u00e7erive ka nisur t\u00eb ndihet r\u00ebnia e k\u00ebrkes\u00ebs. Prodhuesit e furrave t\u00eb buk\u00ebs dhe \u00ebmb\u00eblsirave pohojn\u00eb se [&hellip;]<\/p>\n","protected":false,"gt_translate_keys":[{"key":"rendered","format":"html"}]},"author":32,"featured_media":615634,"comment_status":"closed","ping_status":"closed","sticky":false,"template":"","format":"standard","meta":{"footnotes":""},"categories":[65,13],"tags":[],"class_list":["post-617798","post","type-post","status-publish","format-standard","has-post-thumbnail","hentry","category-lajme","category-te-fundit"],"gt_translate_keys":[{"key":"link","format":"url"}],"_links":{"self":[{"href":"https:\/\/www.hashtag.al\/index.php\/wp-json\/wp\/v2\/posts\/617798","targetHints":{"allow":["GET"]}}],"collection":[{"href":"https:\/\/www.hashtag.al\/index.php\/wp-json\/wp\/v2\/posts"}],"about":[{"href":"https:\/\/www.hashtag.al\/index.php\/wp-json\/wp\/v2\/types\/post"}],"author":[{"embeddable":true,"href":"https:\/\/www.hashtag.al\/index.php\/wp-json\/wp\/v2\/users\/32"}],"replies":[{"embeddable":true,"href":"https:\/\/www.hashtag.al\/index.php\/wp-json\/wp\/v2\/comments?post=617798"}],"version-history":[{"count":0,"href":"https:\/\/www.hashtag.al\/index.php\/wp-json\/wp\/v2\/posts\/617798\/revisions"}],"wp:featuredmedia":[{"embeddable":true,"href":"https:\/\/www.hashtag.al\/index.php\/wp-json\/wp\/v2\/media\/615634"}],"wp:attachment":[{"href":"https:\/\/www.hashtag.al\/index.php\/wp-json\/wp\/v2\/media?parent=617798"}],"wp:term":[{"taxonomy":"category","embeddable":true,"href":"https:\/\/www.hashtag.al\/index.php\/wp-json\/wp\/v2\/categories?post=617798"},{"taxonomy":"post_tag","embeddable":true,"href":"https:\/\/www.hashtag.al\/index.php\/wp-json\/wp\/v2\/tags?post=617798"}],"curies":[{"name":"wp","href":"https:\/\/api.w.org\/{rel}","templated":true}]}}