{"id":617784,"date":"2023-09-21T22:41:20","date_gmt":"2023-09-21T20:41:20","guid":{"rendered":"https:\/\/www.hashtag.al\/?p=617784"},"modified":"2023-09-21T22:58:05","modified_gmt":"2023-09-21T20:58:05","slug":"policia-jep-detaje-per-vrasjen-ne-shkoder","status":"publish","type":"post","link":"https:\/\/www.hashtag.al\/index.php\/2023\/09\/21\/policia-jep-detaje-per-vrasjen-ne-shkoder\/","title":{"rendered":"Policia jep detaje p\u00ebr vrasjen e t\u00eb riut n\u00eb Shkod\u00ebr","gt_translate_keys":[{"key":"rendered","format":"text"}]},"content":{"rendered":"<p><span style=\"color: #000000;\"><em><img loading=\"lazy\" decoding=\"async\" class=\"alignnone size-full wp-image-613298\" src=\"https:\/\/www.hashtag.al\/wp-content\/uploads\/2023\/08\/Policia-e-Shtetit-Plan-Detaj-Emblema-Logoja-1000x563-1.jpg\" alt=\"\" width=\"1000\" height=\"563\" srcset=\"https:\/\/www.hashtag.al\/wp-content\/uploads\/2023\/08\/Policia-e-Shtetit-Plan-Detaj-Emblema-Logoja-1000x563-1.jpg 1000w, https:\/\/www.hashtag.al\/wp-content\/uploads\/2023\/08\/Policia-e-Shtetit-Plan-Detaj-Emblema-Logoja-1000x563-1-300x169.jpg 300w, https:\/\/www.hashtag.al\/wp-content\/uploads\/2023\/08\/Policia-e-Shtetit-Plan-Detaj-Emblema-Logoja-1000x563-1-768x432.jpg 768w\" sizes=\"auto, (max-width: 1000px) 100vw, 1000px\" \/><\/em><\/span><\/p>\n<p><span style=\"color: #000000;\">Policia ka dh\u00ebn\u00eb detaje p\u00ebr ngjarjen n\u00eb Shkod\u00ebr ku mbeti i vrar\u00eb nj\u00eb person.\u00a0<\/span><\/p>\n<p><span style=\"color: #000000;\">Ngjarja ndodhi n\u00eb fshatin Hot i Ri, rreth or\u00ebs 21:48, ku si pasoj\u00eb e t\u00eb sht\u00ebnave ka mbetur i vrar\u00eb Valter Fjerza, 33 vje\u00e7.<\/span><\/p>\n<p><span style=\"color: #000000;\"><em>&#8220;Rreth or\u00ebs 21.48, n\u00eb fshatin Hot i Ri, n\u00eb rrethana ende t\u00eb paqarta \u00ebsht\u00eb vrar\u00eb me arm\u00eb zjarri shtetasi V.F, rreth 33 vje\u00e7, banues n\u00eb fshatin Hot i Ri, Shkod\u00ebr.<\/em><\/span><\/p>\n<p><span style=\"color: #000000;\"><em>N\u00eb vendngjarje kan\u00eb shkuar menj\u00ebher\u00eb sh\u00ebrbimet e Policis\u00eb dhe grupi hetimor.<\/em><\/span><\/p>\n<p><span style=\"color: #000000;\"><em>Jan\u00eb ngritur pika kontrolli dhe vijon krehja e zon\u00ebs me q\u00ebllim kapjen e autorit\/ve.<\/em><\/span><\/p>\n<p><span style=\"color: #000000;\"><em>Grupi hetimor n\u00ebn drejtimin e Prokuroris\u00eb vijon pun\u00ebn p\u00ebr sqarimin e rrethanave t\u00eb<\/em> ngjarjes&#8221;-njofton policia.<\/span><\/p>\n","protected":false,"gt_translate_keys":[{"key":"rendered","format":"html"}]},"excerpt":{"rendered":"<p>Policia ka dh\u00ebn\u00eb detaje p\u00ebr ngjarjen n\u00eb Shkod\u00ebr ku mbeti i vrar\u00eb nj\u00eb person.\u00a0 Ngjarja ndodhi n\u00eb fshatin Hot i Ri, rreth or\u00ebs 21:48, ku si pasoj\u00eb e t\u00eb sht\u00ebnave ka mbetur i vrar\u00eb Valter Fjerza, 33 vje\u00e7. &#8220;Rreth or\u00ebs 21.48, n\u00eb fshatin Hot i Ri, n\u00eb rrethana ende t\u00eb paqarta \u00ebsht\u00eb vrar\u00eb me arm\u00eb [&hellip;]<\/p>\n","protected":false,"gt_translate_keys":[{"key":"rendered","format":"html"}]},"author":4,"featured_media":613298,"comment_status":"closed","ping_status":"closed","sticky":false,"template":"","format":"standard","meta":{"footnotes":""},"categories":[65],"tags":[],"class_list":["post-617784","post","type-post","status-publish","format-standard","has-post-thumbnail","hentry","category-lajme"],"gt_translate_keys":[{"key":"link","format":"url"}],"_links":{"self":[{"href":"https:\/\/www.hashtag.al\/index.php\/wp-json\/wp\/v2\/posts\/617784","targetHints":{"allow":["GET"]}}],"collection":[{"href":"https:\/\/www.hashtag.al\/index.php\/wp-json\/wp\/v2\/posts"}],"about":[{"href":"https:\/\/www.hashtag.al\/index.php\/wp-json\/wp\/v2\/types\/post"}],"author":[{"embeddable":true,"href":"https:\/\/www.hashtag.al\/index.php\/wp-json\/wp\/v2\/users\/4"}],"replies":[{"embeddable":true,"href":"https:\/\/www.hashtag.al\/index.php\/wp-json\/wp\/v2\/comments?post=617784"}],"version-history":[{"count":0,"href":"https:\/\/www.hashtag.al\/index.php\/wp-json\/wp\/v2\/posts\/617784\/revisions"}],"wp:featuredmedia":[{"embeddable":true,"href":"https:\/\/www.hashtag.al\/index.php\/wp-json\/wp\/v2\/media\/613298"}],"wp:attachment":[{"href":"https:\/\/www.hashtag.al\/index.php\/wp-json\/wp\/v2\/media?parent=617784"}],"wp:term":[{"taxonomy":"category","embeddable":true,"href":"https:\/\/www.hashtag.al\/index.php\/wp-json\/wp\/v2\/categories?post=617784"},{"taxonomy":"post_tag","embeddable":true,"href":"https:\/\/www.hashtag.al\/index.php\/wp-json\/wp\/v2\/tags?post=617784"}],"curies":[{"name":"wp","href":"https:\/\/api.w.org\/{rel}","templated":true}]}}