{"id":617455,"date":"2023-09-20T17:57:31","date_gmt":"2023-09-20T15:57:31","guid":{"rendered":"https:\/\/www.hashtag.al\/?p=617455"},"modified":"2023-09-20T17:59:37","modified_gmt":"2023-09-20T15:59:37","slug":"kokalari-masakron-foltoren-me-mire-mos-u-perzieni-me-mcgonigal-nuk-eshte-kauza-juaj","status":"publish","type":"post","link":"https:\/\/www.hashtag.al\/index.php\/2023\/09\/20\/kokalari-masakron-foltoren-me-mire-mos-u-perzieni-me-mcgonigal-nuk-eshte-kauza-juaj\/","title":{"rendered":"Kokalari masakron Foltoren: Me mir\u00eb mos u p\u00ebrzieni me McGonigal, nuk \u00ebsht\u00eb kauza juaj","gt_translate_keys":[{"key":"rendered","format":"text"}]},"content":{"rendered":"<p><span style=\"color: #000000;\"><a style=\"color: #000000;\" href=\"https:\/\/www.hashtag.al\/wp-content\/uploads\/2023\/09\/ipiccy_image-9.jpg\"><img loading=\"lazy\" decoding=\"async\" class=\"aligncenter size-full wp-image-617456\" src=\"https:\/\/www.hashtag.al\/wp-content\/uploads\/2023\/09\/ipiccy_image-9.jpg\" alt=\"\" width=\"1920\" height=\"1200\" srcset=\"https:\/\/www.hashtag.al\/wp-content\/uploads\/2023\/09\/ipiccy_image-9.jpg 1920w, https:\/\/www.hashtag.al\/wp-content\/uploads\/2023\/09\/ipiccy_image-9-300x188.jpg 300w, https:\/\/www.hashtag.al\/wp-content\/uploads\/2023\/09\/ipiccy_image-9-1024x640.jpg 1024w, https:\/\/www.hashtag.al\/wp-content\/uploads\/2023\/09\/ipiccy_image-9-768x480.jpg 768w, https:\/\/www.hashtag.al\/wp-content\/uploads\/2023\/09\/ipiccy_image-9-1536x960.jpg 1536w\" sizes=\"auto, (max-width: 1920px) 100vw, 1920px\" \/><\/a><\/span><\/p>\n<p><span style=\"color: #000000;\">Aktivistja Evi Kokalari nuk e ka l\u00ebn\u00eb pa nj\u00eb reagim nga ana e saj deklarat\u00ebn e sotme t\u00eb z\u00ebdh\u00ebn\u00ebses s\u00eb Berish\u00ebs, Floriana Garo, e cila shprehu mb\u00ebshtetjen e grupit t\u00eb Foltores ndaj hetimeve t\u00eb \u00e7\u00ebshtjes McGonigal n\u00eb ShBA.<\/span><\/p>\n<p><span style=\"color: #000000;\">Kokalari n\u00eb postimin e saj duket se e ka masakruar Foltoren, pasi iu b\u00ebn thirrje t\u00eb mos ngat\u00ebrrohen, pasi Berisha si kryetar i Rithemelimit \u00ebsht\u00eb nen sanksione nga DASH.<\/span><\/p>\n<p><span style=\"color: #000000;\">Gjithashtu Kokalari shton se urrejtja e hapur p\u00ebr Du\u00e7k\u00ebn nuk e justifikon grupin e Rithemelimit t\u00eb nd\u00ebrhyj\u00eb n\u00eb investigimin e Kongresit Amerikan, duke theksuar se n\u00ebse do japin informacione t\u00eb gabuara, ka p\u00ebr t\u2019i sqaruar vet me detaje.<\/span><\/p>\n<p>&nbsp;<\/p>\n<p><span style=\"color: #000000;\">Statusi:<\/span><\/p>\n<p><span style=\"color: #000000;\"><em>JO! Mos u ngaterroni sepse nuk jeni as PD zyrtare dhe Berisha si kryetar i rithemelimit \u00ebsht\u00eb nen sanksione nga DASH. <\/em><\/span><\/p>\n<p><span style=\"color: #000000;\"><em>Plus, faktet tuaja \u00e7alojne. Urrejtja juaj p\u00ebr Du\u00e7ken nuk justifikon budallallekun tuaj p\u00ebr te nderhyr\u00eb n\u00eb nj\u00eb investigim t\u00eb Kongresit. <\/em><\/span><\/p>\n<p><span style=\"color: #000000;\"><em>E mbi te gjitha McGonigal deri tashti rezulton ti k\u00ebt\u00eb hapur dosjen Bashes me Muzinin, dhe jo Berishes. Boll e shfrytezuat p\u00ebr interesa personale. <\/em><\/span><\/p>\n<p><span style=\"color: #000000;\"><em>Nese do jepni info e gabuar n\u00eb Kongres, ju premtoj q\u00eb do ti sqaroj vet\u00eb n\u00eb detaje. <\/em><\/span><\/p>\n<p><span style=\"color: #000000;\"><em>Seriozisht, mos fusni hundet gjithandej.<\/em><\/span><\/p>\n","protected":false,"gt_translate_keys":[{"key":"rendered","format":"html"}]},"excerpt":{"rendered":"<p>Aktivistja Evi Kokalari nuk e ka l\u00ebn\u00eb pa nj\u00eb reagim nga ana e saj deklarat\u00ebn e sotme t\u00eb z\u00ebdh\u00ebn\u00ebses s\u00eb Berish\u00ebs, Floriana Garo, e cila shprehu mb\u00ebshtetjen e grupit t\u00eb Foltores ndaj hetimeve t\u00eb \u00e7\u00ebshtjes McGonigal n\u00eb ShBA. Kokalari n\u00eb postimin e saj duket se e ka masakruar Foltoren, pasi iu b\u00ebn thirrje t\u00eb mos [&hellip;]<\/p>\n","protected":false,"gt_translate_keys":[{"key":"rendered","format":"html"}]},"author":30,"featured_media":617456,"comment_status":"closed","ping_status":"closed","sticky":false,"template":"","format":"standard","meta":{"footnotes":""},"categories":[22],"tags":[],"class_list":["post-617455","post","type-post","status-publish","format-standard","has-post-thumbnail","hentry","category-ballina"],"gt_translate_keys":[{"key":"link","format":"url"}],"_links":{"self":[{"href":"https:\/\/www.hashtag.al\/index.php\/wp-json\/wp\/v2\/posts\/617455","targetHints":{"allow":["GET"]}}],"collection":[{"href":"https:\/\/www.hashtag.al\/index.php\/wp-json\/wp\/v2\/posts"}],"about":[{"href":"https:\/\/www.hashtag.al\/index.php\/wp-json\/wp\/v2\/types\/post"}],"author":[{"embeddable":true,"href":"https:\/\/www.hashtag.al\/index.php\/wp-json\/wp\/v2\/users\/30"}],"replies":[{"embeddable":true,"href":"https:\/\/www.hashtag.al\/index.php\/wp-json\/wp\/v2\/comments?post=617455"}],"version-history":[{"count":0,"href":"https:\/\/www.hashtag.al\/index.php\/wp-json\/wp\/v2\/posts\/617455\/revisions"}],"wp:featuredmedia":[{"embeddable":true,"href":"https:\/\/www.hashtag.al\/index.php\/wp-json\/wp\/v2\/media\/617456"}],"wp:attachment":[{"href":"https:\/\/www.hashtag.al\/index.php\/wp-json\/wp\/v2\/media?parent=617455"}],"wp:term":[{"taxonomy":"category","embeddable":true,"href":"https:\/\/www.hashtag.al\/index.php\/wp-json\/wp\/v2\/categories?post=617455"},{"taxonomy":"post_tag","embeddable":true,"href":"https:\/\/www.hashtag.al\/index.php\/wp-json\/wp\/v2\/tags?post=617455"}],"curies":[{"name":"wp","href":"https:\/\/api.w.org\/{rel}","templated":true}]}}