{"id":617448,"date":"2023-09-20T17:17:23","date_gmt":"2023-09-20T15:17:23","guid":{"rendered":"https:\/\/www.hashtag.al\/?p=617448"},"modified":"2023-09-20T17:17:23","modified_gmt":"2023-09-20T15:17:23","slug":"rama-para-mbledhjes-se-keshillit-te-sigurimit-do-te-shfrytezojme-takimin-qe-rusia-te-pranoje-marreveshjen-per-grurin","status":"publish","type":"post","link":"https:\/\/www.hashtag.al\/index.php\/2023\/09\/20\/rama-para-mbledhjes-se-keshillit-te-sigurimit-do-te-shfrytezojme-takimin-qe-rusia-te-pranoje-marreveshjen-per-grurin\/","title":{"rendered":"Rama para mbledhjes s\u00eb K\u00ebshillit t\u00eb Sigurimit: Do t\u00eb shfryt\u00ebzojm\u00eb takimin q\u00eb Rusia t\u00eb pranoj\u00eb marr\u00ebveshjen p\u00ebr grurin","gt_translate_keys":[{"key":"rendered","format":"text"}]},"content":{"rendered":"<p><span style=\"color: #000000;\"><a href=\"https:\/\/www.hashtag.al\/wp-content\/uploads\/2023\/09\/1695221113_rama.jpg\"><img loading=\"lazy\" decoding=\"async\" class=\"aligncenter size-full wp-image-617449\" src=\"https:\/\/www.hashtag.al\/wp-content\/uploads\/2023\/09\/1695221113_rama.jpg\" alt=\"\" width=\"780\" height=\"440\" srcset=\"https:\/\/www.hashtag.al\/wp-content\/uploads\/2023\/09\/1695221113_rama.jpg 780w, https:\/\/www.hashtag.al\/wp-content\/uploads\/2023\/09\/1695221113_rama-300x169.jpg 300w, https:\/\/www.hashtag.al\/wp-content\/uploads\/2023\/09\/1695221113_rama-768x433.jpg 768w\" sizes=\"auto, (max-width: 780px) 100vw, 780px\" \/><\/a><\/span><\/p>\n<p><span style=\"color: #000000;\">Kryeministri Edi Rama ka folur sot p\u00ebrpara mbledhjes s\u00eb K\u00ebshillit t\u00eb Sigurimit e cila po mbahet n\u00eb kuad\u00ebr t\u00eb pushtimit t\u00eb Ukrain\u00ebs nga Rusia.<\/span><\/p>\n<p><span style=\"color: #000000;\">Rama u shpreh se lufta n\u00eb Ukrain\u00eb ka sjell\u00eb nj\u00eb konflikt vdekjeprur\u00ebs n\u00eb zem\u00ebr t\u00eb Evrop\u00ebs.<\/span><\/p>\n<p><span style=\"color: #000000;\">Rama shton se takimi do t\u00eb shfryt\u00ebzohet t\u2019i b\u00ebr\u00eb thirrje Rusis\u00eb t\u00eb rinis\u00eb marr\u00ebveshja p\u00ebr eksportimin e drith\u00ebrave.<\/span><\/p>\n<p><span style=\"color: #000000;\"><em>\u201cKam k\u00ebnaq\u00ebsin\u00eb dhe nderin t\u00eb kryesoj k\u00ebt\u00eb takim. P\u00ebrfshir\u00eb edhe presidentin Zelensky. Nj\u00eb luft\u00eb e paprovokuar, e padrejt\u00eb ka sjell\u00eb nj\u00eb konflikt vdekjeprur\u00ebs n\u00eb zem\u00ebr t\u00eb Evrop\u00ebs. Nuk ka sjell\u00eb asgj\u00eb t\u00eb mir\u00eb p\u00ebr Ukrain\u00ebn, por jo vet\u00ebm p\u00ebr t\u00eb. Lufta p\u00ebr\u00e7on val\u00eb trondit\u00ebse dhe rrezikon sigurin\u00eb e ushqimit n\u00eb mbar\u00eb bot\u00ebn. Ndaj duhet t\u00eb sjellim n\u00eb K\u00ebshillin e sigurimit t\u00eb v\u00ebrtet\u00ebn e k\u00ebtij shkat\u00ebrrimi. K\u00ebt\u00eb ka b\u00ebr\u00eb Shqip\u00ebria dhe vende t\u00eb tjera. Duhet t\u00eb p\u00ebrkrahim rendin nd\u00ebrkomb\u00ebtar. Duhet t\u2019i rezistojm\u00eb forcave shkat\u00ebrrimtare. Do ta shfryt\u00ebzojm\u00eb k\u00ebt\u00eb takim duke i b\u00ebr\u00eb thirrje Rusis\u00eb t\u00eb rinisin marr\u00ebveshjen p\u00ebr eksportimin e drith\u00ebrave.\u201d,<\/em> tha Rama.<\/span><\/p>\n","protected":false,"gt_translate_keys":[{"key":"rendered","format":"html"}]},"excerpt":{"rendered":"<p>Kryeministri Edi Rama ka folur sot p\u00ebrpara mbledhjes s\u00eb K\u00ebshillit t\u00eb Sigurimit e cila po mbahet n\u00eb kuad\u00ebr t\u00eb pushtimit t\u00eb Ukrain\u00ebs nga Rusia. Rama u shpreh se lufta n\u00eb Ukrain\u00eb ka sjell\u00eb nj\u00eb konflikt vdekjeprur\u00ebs n\u00eb zem\u00ebr t\u00eb Evrop\u00ebs. Rama shton se takimi do t\u00eb shfryt\u00ebzohet t\u2019i b\u00ebr\u00eb thirrje Rusis\u00eb t\u00eb rinis\u00eb marr\u00ebveshja p\u00ebr [&hellip;]<\/p>\n","protected":false,"gt_translate_keys":[{"key":"rendered","format":"html"}]},"author":30,"featured_media":617449,"comment_status":"closed","ping_status":"closed","sticky":false,"template":"","format":"standard","meta":{"footnotes":""},"categories":[65],"tags":[],"class_list":["post-617448","post","type-post","status-publish","format-standard","has-post-thumbnail","hentry","category-lajme"],"gt_translate_keys":[{"key":"link","format":"url"}],"_links":{"self":[{"href":"https:\/\/www.hashtag.al\/index.php\/wp-json\/wp\/v2\/posts\/617448","targetHints":{"allow":["GET"]}}],"collection":[{"href":"https:\/\/www.hashtag.al\/index.php\/wp-json\/wp\/v2\/posts"}],"about":[{"href":"https:\/\/www.hashtag.al\/index.php\/wp-json\/wp\/v2\/types\/post"}],"author":[{"embeddable":true,"href":"https:\/\/www.hashtag.al\/index.php\/wp-json\/wp\/v2\/users\/30"}],"replies":[{"embeddable":true,"href":"https:\/\/www.hashtag.al\/index.php\/wp-json\/wp\/v2\/comments?post=617448"}],"version-history":[{"count":0,"href":"https:\/\/www.hashtag.al\/index.php\/wp-json\/wp\/v2\/posts\/617448\/revisions"}],"wp:featuredmedia":[{"embeddable":true,"href":"https:\/\/www.hashtag.al\/index.php\/wp-json\/wp\/v2\/media\/617449"}],"wp:attachment":[{"href":"https:\/\/www.hashtag.al\/index.php\/wp-json\/wp\/v2\/media?parent=617448"}],"wp:term":[{"taxonomy":"category","embeddable":true,"href":"https:\/\/www.hashtag.al\/index.php\/wp-json\/wp\/v2\/categories?post=617448"},{"taxonomy":"post_tag","embeddable":true,"href":"https:\/\/www.hashtag.al\/index.php\/wp-json\/wp\/v2\/tags?post=617448"}],"curies":[{"name":"wp","href":"https:\/\/api.w.org\/{rel}","templated":true}]}}