{"id":617444,"date":"2023-09-20T16:58:56","date_gmt":"2023-09-20T14:58:56","guid":{"rendered":"https:\/\/www.hashtag.al\/?p=617444"},"modified":"2023-09-20T17:05:57","modified_gmt":"2023-09-20T15:05:57","slug":"bardhi-pas-mbledhjes-u-diskutua-per-komisionin-e-reformes-zgjedhore-kemi-pergjegjesine-tone-por-mazhoranca-se-ka-prioritet","status":"publish","type":"post","link":"https:\/\/www.hashtag.al\/index.php\/2023\/09\/20\/bardhi-pas-mbledhjes-u-diskutua-per-komisionin-e-reformes-zgjedhore-kemi-pergjegjesine-tone-por-mazhoranca-se-ka-prioritet\/","title":{"rendered":"Bardhi pas mbledhjes: U diskutua p\u00ebr komisionin e reform\u00ebs zgjedhore! Kemi p\u00ebrgjegj\u00ebsin\u00eb ton\u00eb, por mazhoranca s\u2019e ka prioritet","gt_translate_keys":[{"key":"rendered","format":"text"}]},"content":{"rendered":"<p><span style=\"color: #000000;\"><a href=\"https:\/\/www.hashtag.al\/wp-content\/uploads\/2023\/09\/bardhi-9.jpg\"><img loading=\"lazy\" decoding=\"async\" class=\"aligncenter size-full wp-image-617445\" src=\"https:\/\/www.hashtag.al\/wp-content\/uploads\/2023\/09\/bardhi-9.jpg\" alt=\"\" width=\"955\" height=\"551\" srcset=\"https:\/\/www.hashtag.al\/wp-content\/uploads\/2023\/09\/bardhi-9.jpg 955w, https:\/\/www.hashtag.al\/wp-content\/uploads\/2023\/09\/bardhi-9-300x173.jpg 300w, https:\/\/www.hashtag.al\/wp-content\/uploads\/2023\/09\/bardhi-9-768x443.jpg 768w, https:\/\/www.hashtag.al\/wp-content\/uploads\/2023\/09\/bardhi-9-250x145.jpg 250w\" sizes=\"auto, (max-width: 955px) 100vw, 955px\" \/><\/a><\/span><\/p>\n<p><span style=\"color: #000000;\">Deputeti i Partis\u00eb Demokratike Gazment Bardhi ka folur p\u00ebr mediat pas p\u00ebrfundimit t\u00eb mbledhjes s\u00eb Koonferenc\u00ebs s\u00eb Kryetar\u00ebve.<\/span><\/p>\n<p><span style=\"color: #000000;\">Bardhi b\u00ebri me dije se gjat\u00eb takimit u diskutua komisioni i reform\u00ebs zgjedhore, i cili nuk ka dh\u00ebn\u00eb asnj\u00eb rezultat n\u00eb mbledhjet e tij.<\/span><\/p>\n<p><span style=\"color: #000000;\">\u00a0Bardhi tha se opozita ka marr\u00eb p\u00ebrgjegj\u00ebsit\u00eb e veta p\u00ebr mosrealizimin e reform\u00ebs zgjedhore, por shtoi se mazhoranca nuk e ka prioritet reform\u00ebn zgjedhore.<\/span><\/p>\n<p><span style=\"color: #000000;\"><em>\u201cKomisioni i reform\u00ebs zgjedhore u diskutua sot gjat\u00eb mbledhjes. I jam drejtuar kryetares s\u00eb kuvendit p\u00ebr t\u00eb nxjerr\u00eb p\u00ebrgjegj\u00ebsit\u00eb p\u00ebr komisionin q\u00eb \u00ebsht\u00eb mbledhur 2 her\u00eb n\u00eb 1 vit pa dh\u00ebn\u00eb asnj\u00eb rezultat. N\u00eb zgjedhjet e 14 majit duhet t\u00eb shkonim me nj\u00eb kuad\u00ebr t\u00eb plot\u00eb ligjor q\u00eb p\u00ebrmbushte rekomandimet e OSBE. I kam kujtuar koleg\u00ebve t\u00eb PS q\u00eb kan\u00eb shpallur si prioritet reform\u00ebn zgjedhore, p\u00ebr t\u00eb cil\u00ebn duhet t\u00eb jesh serioz.<\/em><\/span><\/p>\n<p><span style=\"color: #000000;\"><em>Si opozit\u00eb kemi marr\u00eb p\u00ebrgjegj\u00ebsit\u00eb tona p\u00ebr mosrealizimin e reform\u00ebs zgjedhore. Nuk pranojm\u00eb dot q\u00eb nj\u00eb \u00e7\u00ebshtje si zgjedhjet e lira t\u00eb mos trajtohet. K\u00ebt\u00eb e kemi adresuar duke krijuar nj\u00eb ekip t\u00eb ri p\u00ebrfaq\u00ebsimi n\u00eb komisionin e reform\u00ebs zgjedhore\u201d,<\/em> u shpreh ai.<\/span><\/p>\n","protected":false,"gt_translate_keys":[{"key":"rendered","format":"html"}]},"excerpt":{"rendered":"<p>Deputeti i Partis\u00eb Demokratike Gazment Bardhi ka folur p\u00ebr mediat pas p\u00ebrfundimit t\u00eb mbledhjes s\u00eb Koonferenc\u00ebs s\u00eb Kryetar\u00ebve. Bardhi b\u00ebri me dije se gjat\u00eb takimit u diskutua komisioni i reform\u00ebs zgjedhore, i cili nuk ka dh\u00ebn\u00eb asnj\u00eb rezultat n\u00eb mbledhjet e tij. \u00a0Bardhi tha se opozita ka marr\u00eb p\u00ebrgjegj\u00ebsit\u00eb e veta p\u00ebr mosrealizimin e reform\u00ebs [&hellip;]<\/p>\n","protected":false,"gt_translate_keys":[{"key":"rendered","format":"html"}]},"author":30,"featured_media":617445,"comment_status":"closed","ping_status":"closed","sticky":false,"template":"","format":"standard","meta":{"footnotes":""},"categories":[65],"tags":[],"class_list":["post-617444","post","type-post","status-publish","format-standard","has-post-thumbnail","hentry","category-lajme"],"gt_translate_keys":[{"key":"link","format":"url"}],"_links":{"self":[{"href":"https:\/\/www.hashtag.al\/index.php\/wp-json\/wp\/v2\/posts\/617444","targetHints":{"allow":["GET"]}}],"collection":[{"href":"https:\/\/www.hashtag.al\/index.php\/wp-json\/wp\/v2\/posts"}],"about":[{"href":"https:\/\/www.hashtag.al\/index.php\/wp-json\/wp\/v2\/types\/post"}],"author":[{"embeddable":true,"href":"https:\/\/www.hashtag.al\/index.php\/wp-json\/wp\/v2\/users\/30"}],"replies":[{"embeddable":true,"href":"https:\/\/www.hashtag.al\/index.php\/wp-json\/wp\/v2\/comments?post=617444"}],"version-history":[{"count":0,"href":"https:\/\/www.hashtag.al\/index.php\/wp-json\/wp\/v2\/posts\/617444\/revisions"}],"wp:featuredmedia":[{"embeddable":true,"href":"https:\/\/www.hashtag.al\/index.php\/wp-json\/wp\/v2\/media\/617445"}],"wp:attachment":[{"href":"https:\/\/www.hashtag.al\/index.php\/wp-json\/wp\/v2\/media?parent=617444"}],"wp:term":[{"taxonomy":"category","embeddable":true,"href":"https:\/\/www.hashtag.al\/index.php\/wp-json\/wp\/v2\/categories?post=617444"},{"taxonomy":"post_tag","embeddable":true,"href":"https:\/\/www.hashtag.al\/index.php\/wp-json\/wp\/v2\/tags?post=617444"}],"curies":[{"name":"wp","href":"https:\/\/api.w.org\/{rel}","templated":true}]}}