{"id":617185,"date":"2023-09-19T14:08:43","date_gmt":"2023-09-19T12:08:43","guid":{"rendered":"https:\/\/www.hashtag.al\/?p=617185"},"modified":"2023-09-19T14:08:43","modified_gmt":"2023-09-19T12:08:43","slug":"takimi-berisha-bardhi-ne-kukes-salianji-kush-voton-pro-qeverise-te-perjashtohet-nga-grupi-i-pd","status":"publish","type":"post","link":"https:\/\/www.hashtag.al\/index.php\/2023\/09\/19\/takimi-berisha-bardhi-ne-kukes-salianji-kush-voton-pro-qeverise-te-perjashtohet-nga-grupi-i-pd\/","title":{"rendered":"Takimi Berisha-Bardhi n\u00eb Kuk\u00ebs\/ Salianji: Kush voton pro qeveris\u00eb, t\u00eb p\u00ebrjashtohet nga grupi i PD","gt_translate_keys":[{"key":"rendered","format":"text"}]},"content":{"rendered":"<p><span style=\"color: #000000;\"><a href=\"https:\/\/www.hashtag.al\/wp-content\/uploads\/2023\/09\/9527ac40-5447-471b-a11f-a9ce856c7e8c.jpg\"><img loading=\"lazy\" decoding=\"async\" class=\"aligncenter size-full wp-image-617186\" src=\"https:\/\/www.hashtag.al\/wp-content\/uploads\/2023\/09\/9527ac40-5447-471b-a11f-a9ce856c7e8c.jpg\" alt=\"\" width=\"1024\" height=\"683\" srcset=\"https:\/\/www.hashtag.al\/wp-content\/uploads\/2023\/09\/9527ac40-5447-471b-a11f-a9ce856c7e8c.jpg 1024w, https:\/\/www.hashtag.al\/wp-content\/uploads\/2023\/09\/9527ac40-5447-471b-a11f-a9ce856c7e8c-300x200.jpg 300w, https:\/\/www.hashtag.al\/wp-content\/uploads\/2023\/09\/9527ac40-5447-471b-a11f-a9ce856c7e8c-768x512.jpg 768w\" sizes=\"auto, (max-width: 1024px) 100vw, 1024px\" \/><\/a><\/span><\/p>\n<p><span style=\"color: #000000;\">Deputet\u00ebt e opozit\u00ebs, po mbajn\u00eb s\u00ebrish sot nj\u00eb tryez\u00eb t\u00eb p\u00ebrbashk\u00ebt n\u00eb Kuk\u00ebs, me nism\u00eb t\u00eb Gazment Bardhit dhe prani t\u00eb ish-kryeministrit Sali Berisha.<\/span><\/p>\n<p><span style=\"color: #000000;\">I pranish\u00ebm n\u00eb k\u00ebt\u00eb tryez\u00eb ishte dhe deputeti demokrat, Ervin Salianji, i cili n\u00ebnvizoi r\u00ebnd\u00ebsin\u00eb q\u00eb opozita t\u00eb ket\u00eb nj\u00eb q\u00ebndrim t\u00eb qart\u00eb p\u00ebr reform\u00ebn zgjedhore.<\/span><\/p>\n<p><span style=\"color: #000000;\">Salianji n\u00eb q\u00ebndrimin e tij ka theksuar se kushdo q\u00eb voton pro qeveris\u00eb, duhet t\u00eb p\u00ebrjashtohet nga grupi i PD.<\/span><\/p>\n<p><span style=\"color: #000000;\"><em>\u201cT\u00eb kemi q\u00ebndrim t\u00eb qart\u00eb p\u00ebr reform\u00ebn zgjedhore, ka vite q\u00eb jam shprehur p\u00ebr lista t\u00eb hapura, por duhet t\u00eb qart\u00ebsojm\u00eb \u201cpazarin\u201d p\u00ebr lista me primaret. Kushdo q\u00eb voton pro qeveris\u00eb dhe bashkohet me ta n\u00eb kund\u00ebrshtim me vullnetin e shumic\u00ebs s\u00eb grupit parlamentar t\u00eb PDSH duhet t\u00eb p\u00ebrjashtohet nga grupi. Formacionet ndihm\u00ebs-qeveritare nuk mund t\u00eb kamuflohen si deputet\u00eb opozitar\u00eb\u201d,<\/em> m\u00ebsohet t\u00eb jet\u00eb shprehur Salianji.<\/span><\/p>\n","protected":false,"gt_translate_keys":[{"key":"rendered","format":"html"}]},"excerpt":{"rendered":"<p>Deputet\u00ebt e opozit\u00ebs, po mbajn\u00eb s\u00ebrish sot nj\u00eb tryez\u00eb t\u00eb p\u00ebrbashk\u00ebt n\u00eb Kuk\u00ebs, me nism\u00eb t\u00eb Gazment Bardhit dhe prani t\u00eb ish-kryeministrit Sali Berisha. I pranish\u00ebm n\u00eb k\u00ebt\u00eb tryez\u00eb ishte dhe deputeti demokrat, Ervin Salianji, i cili n\u00ebnvizoi r\u00ebnd\u00ebsin\u00eb q\u00eb opozita t\u00eb ket\u00eb nj\u00eb q\u00ebndrim t\u00eb qart\u00eb p\u00ebr reform\u00ebn zgjedhore. Salianji n\u00eb q\u00ebndrimin e tij [&hellip;]<\/p>\n","protected":false,"gt_translate_keys":[{"key":"rendered","format":"html"}]},"author":30,"featured_media":617186,"comment_status":"closed","ping_status":"closed","sticky":false,"template":"","format":"standard","meta":{"footnotes":""},"categories":[65],"tags":[],"class_list":["post-617185","post","type-post","status-publish","format-standard","has-post-thumbnail","hentry","category-lajme"],"gt_translate_keys":[{"key":"link","format":"url"}],"_links":{"self":[{"href":"https:\/\/www.hashtag.al\/index.php\/wp-json\/wp\/v2\/posts\/617185","targetHints":{"allow":["GET"]}}],"collection":[{"href":"https:\/\/www.hashtag.al\/index.php\/wp-json\/wp\/v2\/posts"}],"about":[{"href":"https:\/\/www.hashtag.al\/index.php\/wp-json\/wp\/v2\/types\/post"}],"author":[{"embeddable":true,"href":"https:\/\/www.hashtag.al\/index.php\/wp-json\/wp\/v2\/users\/30"}],"replies":[{"embeddable":true,"href":"https:\/\/www.hashtag.al\/index.php\/wp-json\/wp\/v2\/comments?post=617185"}],"version-history":[{"count":0,"href":"https:\/\/www.hashtag.al\/index.php\/wp-json\/wp\/v2\/posts\/617185\/revisions"}],"wp:featuredmedia":[{"embeddable":true,"href":"https:\/\/www.hashtag.al\/index.php\/wp-json\/wp\/v2\/media\/617186"}],"wp:attachment":[{"href":"https:\/\/www.hashtag.al\/index.php\/wp-json\/wp\/v2\/media?parent=617185"}],"wp:term":[{"taxonomy":"category","embeddable":true,"href":"https:\/\/www.hashtag.al\/index.php\/wp-json\/wp\/v2\/categories?post=617185"},{"taxonomy":"post_tag","embeddable":true,"href":"https:\/\/www.hashtag.al\/index.php\/wp-json\/wp\/v2\/tags?post=617185"}],"curies":[{"name":"wp","href":"https:\/\/api.w.org\/{rel}","templated":true}]}}