{"id":617118,"date":"2023-09-19T10:20:19","date_gmt":"2023-09-19T08:20:19","guid":{"rendered":"https:\/\/www.hashtag.al\/?p=617118"},"modified":"2023-09-19T10:20:19","modified_gmt":"2023-09-19T08:20:19","slug":"arben-ahmetaj-ne-arrati-ankimon-ne-gjykaten-kushtetuese-kontrollin-e-baneses-se-bashkejetueses","status":"publish","type":"post","link":"https:\/\/www.hashtag.al\/index.php\/2023\/09\/19\/arben-ahmetaj-ne-arrati-ankimon-ne-gjykaten-kushtetuese-kontrollin-e-baneses-se-bashkejetueses\/","title":{"rendered":"Arben Ahmetaj n\u00eb arrati ankimon n\u00eb Gjykat\u00ebn Kushtetuese kontrollin e banes\u00ebs s\u00eb bashk\u00ebjetueses","gt_translate_keys":[{"key":"rendered","format":"text"}]},"content":{"rendered":"<p><span style=\"color: #000000;\"><img loading=\"lazy\" decoding=\"async\" class=\"aligncenter size-full wp-image-617120\" src=\"https:\/\/www.hashtag.al\/wp-content\/uploads\/2023\/09\/ahmetajvila.jpg\" alt=\"\" width=\"800\" height=\"451\" srcset=\"https:\/\/www.hashtag.al\/wp-content\/uploads\/2023\/09\/ahmetajvila.jpg 800w, https:\/\/www.hashtag.al\/wp-content\/uploads\/2023\/09\/ahmetajvila-300x169.jpg 300w, https:\/\/www.hashtag.al\/wp-content\/uploads\/2023\/09\/ahmetajvila-768x433.jpg 768w\" sizes=\"auto, (max-width: 800px) 100vw, 800px\" \/><\/span><\/p>\n<p><span style=\"color: #000000;\">Ish-zv.kryeministri i Financave n\u00eb arrati, Arben Ahmetaj, ka ankimuar n\u00eb Gjykat\u00ebn Kushtetuese kontrollin e banes\u00ebs s\u00eb bashk\u00ebjetueses s\u00eb tij. Ai k\u00ebrkon shfuqizimin e vendimit t\u00eb Gjykat\u00ebs s\u00eb Lart\u00eb dhe rigjykimin nga Apeli.<\/span><\/p>\n<p><span style=\"color: #000000;\">M\u00eb her\u00ebt ai kishte k\u00ebrkuar t\u00eb nj\u00ebjt\u00ebn gj\u00eb n\u00eb Gjykat\u00ebn e Posa\u00e7me po k\u00ebrkesa u hodh posht\u00eb. Ahmetaj pretendon se kontrollet jan\u00eb t\u00eb paligjshme dhe antikushtetuese duke qen\u00eb se jan\u00eb kryer pa autorizim nga Kuvendi. Paligjshm\u00ebria e antikushtetueshm\u00ebria sipas Ahmetajt ka t\u00eb b\u00ebj\u00eb me faktin se n\u00eb nj\u00ebr\u00ebn prej tyre jetonte edhe ai vet\u00eb, gjat\u00eb koh\u00ebs q\u00eb kishte mandatin e deputetit.<\/span><\/p>\n<p><span style=\"color: #000000;\">Ahmetaj ndodhej n\u00eb arrati prej disa muajsh e \u00ebsht\u00eb shpallur n\u00eb k\u00ebrkim nga SPAK lidhur me \u00e7\u00ebshtjen e incenerator\u00ebve. Ai ka th\u00ebn\u00eb se do kthehet n\u00eb Shqip\u00ebri p\u00ebr t\u00eb d\u00ebshmuar kur t\u00eb ket\u00eb lirin\u00eb nd\u00ebrsa ka paralajm\u00ebruar se t\u00eb v\u00ebrtetat e \u00e7\u00ebshtjes s\u00eb incenerator\u00ebve do i zbuloj\u00eb pak nga pak.<\/span><\/p>\n","protected":false,"gt_translate_keys":[{"key":"rendered","format":"html"}]},"excerpt":{"rendered":"<p>Ish-zv.kryeministri i Financave n\u00eb arrati, Arben Ahmetaj, ka ankimuar n\u00eb Gjykat\u00ebn Kushtetuese kontrollin e banes\u00ebs s\u00eb bashk\u00ebjetueses s\u00eb tij. Ai k\u00ebrkon shfuqizimin e vendimit t\u00eb Gjykat\u00ebs s\u00eb Lart\u00eb dhe rigjykimin nga Apeli. M\u00eb her\u00ebt ai kishte k\u00ebrkuar t\u00eb nj\u00ebjt\u00ebn gj\u00eb n\u00eb Gjykat\u00ebn e Posa\u00e7me po k\u00ebrkesa u hodh posht\u00eb. Ahmetaj pretendon se kontrollet jan\u00eb t\u00eb [&hellip;]<\/p>\n","protected":false,"gt_translate_keys":[{"key":"rendered","format":"html"}]},"author":51,"featured_media":617120,"comment_status":"closed","ping_status":"closed","sticky":false,"template":"","format":"standard","meta":{"footnotes":""},"categories":[65],"tags":[],"class_list":["post-617118","post","type-post","status-publish","format-standard","has-post-thumbnail","hentry","category-lajme"],"gt_translate_keys":[{"key":"link","format":"url"}],"_links":{"self":[{"href":"https:\/\/www.hashtag.al\/index.php\/wp-json\/wp\/v2\/posts\/617118","targetHints":{"allow":["GET"]}}],"collection":[{"href":"https:\/\/www.hashtag.al\/index.php\/wp-json\/wp\/v2\/posts"}],"about":[{"href":"https:\/\/www.hashtag.al\/index.php\/wp-json\/wp\/v2\/types\/post"}],"author":[{"embeddable":true,"href":"https:\/\/www.hashtag.al\/index.php\/wp-json\/wp\/v2\/users\/51"}],"replies":[{"embeddable":true,"href":"https:\/\/www.hashtag.al\/index.php\/wp-json\/wp\/v2\/comments?post=617118"}],"version-history":[{"count":0,"href":"https:\/\/www.hashtag.al\/index.php\/wp-json\/wp\/v2\/posts\/617118\/revisions"}],"wp:featuredmedia":[{"embeddable":true,"href":"https:\/\/www.hashtag.al\/index.php\/wp-json\/wp\/v2\/media\/617120"}],"wp:attachment":[{"href":"https:\/\/www.hashtag.al\/index.php\/wp-json\/wp\/v2\/media?parent=617118"}],"wp:term":[{"taxonomy":"category","embeddable":true,"href":"https:\/\/www.hashtag.al\/index.php\/wp-json\/wp\/v2\/categories?post=617118"},{"taxonomy":"post_tag","embeddable":true,"href":"https:\/\/www.hashtag.al\/index.php\/wp-json\/wp\/v2\/tags?post=617118"}],"curies":[{"name":"wp","href":"https:\/\/api.w.org\/{rel}","templated":true}]}}