{"id":617108,"date":"2023-09-19T08:56:37","date_gmt":"2023-09-19T06:56:37","guid":{"rendered":"https:\/\/www.hashtag.al\/?p=617108"},"modified":"2023-09-19T08:56:37","modified_gmt":"2023-09-19T06:56:37","slug":"grupet-e-berishes-e-bardhit-zhvendosen-ne-kukes-takim-pak-dite-para-zgjedhjeve-per-bashkine","status":"publish","type":"post","link":"https:\/\/www.hashtag.al\/index.php\/2023\/09\/19\/grupet-e-berishes-e-bardhit-zhvendosen-ne-kukes-takim-pak-dite-para-zgjedhjeve-per-bashkine\/","title":{"rendered":"Grupet e Berish\u00ebs e Bardhit zhvendosen n\u00eb Kuk\u00ebs, takim pak dit\u00eb para zgjedhjeve p\u00ebr bashkin\u00eb","gt_translate_keys":[{"key":"rendered","format":"text"}]},"content":{"rendered":"<p><img loading=\"lazy\" decoding=\"async\" class=\"aligncenter size-full wp-image-617109\" src=\"https:\/\/www.hashtag.al\/wp-content\/uploads\/2023\/09\/berishabardhi.png\" alt=\"\" width=\"1162\" height=\"604\" srcset=\"https:\/\/www.hashtag.al\/wp-content\/uploads\/2023\/09\/berishabardhi.png 1162w, https:\/\/www.hashtag.al\/wp-content\/uploads\/2023\/09\/berishabardhi-300x156.png 300w, https:\/\/www.hashtag.al\/wp-content\/uploads\/2023\/09\/berishabardhi-1024x532.png 1024w, https:\/\/www.hashtag.al\/wp-content\/uploads\/2023\/09\/berishabardhi-768x399.png 768w\" sizes=\"auto, (max-width: 1162px) 100vw, 1162px\" \/><\/p>\n<p><span style=\"color: #000000;\">Grupet e depuptet\u00ebve q\u00eb mb\u00ebshtesin Sali Berish\u00ebn e Gazment Bardhin do mbajn\u00eb sot takimin e dyt\u00eb pas atij t\u00eb para pak dit\u00ebve. <\/span><\/p>\n<p><span style=\"color: #000000;\">K\u00ebsaj here ata do mblidhen n\u00eb Kuk\u00ebs ku k\u00ebt\u00eb t\u00eb diel\u00eb mbahen zgjedhjet p\u00ebr kreun e k\u00ebsaj bashkie. Takimi \u00ebsht\u00eb parashikuar t\u00eb nis\u00eb rreth or\u00ebs 12:00.<\/span><\/p>\n<p><span style=\"color: #000000;\"> Kandidati i koalicionit Bashk\u00eb Fitojm\u00eb p\u00ebr zgjedhjet lokale \u00ebsht\u00eb p\u00ebrzgjedhur pas primareve Emri Vata. <\/span><\/p>\n<p><span style=\"color: #000000;\">Kreu i PD-s\u00eb Basha ka b\u00ebr\u00eb disa thirrje p\u00ebr caktimin e nj\u00eb kandidati t\u00eb p\u00ebrbashk\u00ebt p\u00ebr zgjedhjet n\u00eb Kuk\u00ebs, duke propozuar emrin e kreut t\u00eb deg\u00ebs Arif Rexhmati. <\/span><\/p>\n<p><span style=\"color: #000000;\">Por Berisha n\u00eb t\u00eb gjitha deklaratat p\u00ebr shtyp e ka hedhur posht\u00eb bashk\u00ebpunimin me Bash\u00ebn e Alibeajn t\u00eb cil\u00ebt i cil\u00ebson si \u2018ushtar\u00ebt\u2019 e Edi Ram\u00ebs.<\/span><\/p>\n<p><span style=\"color: #000000;\">Nd\u00ebrkoh\u00eb Gazment Bardhi ka qen\u00eb n\u00eb kurs p\u00ebrplasjeje me Bash\u00ebn q\u00eb kur ky i fundit rikandidoi e u rizgjodh n\u00eb krye t\u00eb PD-s\u00eb m\u00eb 29 korrik. <\/span><\/p>\n<p><span style=\"color: #000000;\">Ai\u00a0 ka deklaruar se Basha nuk \u00ebsht\u00eb personi i duhur p\u00ebr t\u00eb bashkuar demokrat\u00ebt duke mos i njohur zgjedhjet e 29 korrikut p\u00ebr zgjedhjen e Bash\u00ebs.<\/span><\/p>\n<p><span style=\"color: #000000;\"> Kreu i PD-s\u00eb e ka shkarkuar Bardhin nga funksionet e sekretarit t\u00eb partis\u00eb e nga kreu i grupit parlamentar nd\u00ebrkoh\u00eb q\u00eb Bardhi nuk ka njohur asnj\u00eb nga vendimet duke th\u00ebn\u00eb se Basha nuk ka as firm\u00ebn, as vul\u00ebn e as shumic\u00ebn e deputet\u00ebve t\u00eb grupit parlamentar.<\/span><\/p>\n","protected":false,"gt_translate_keys":[{"key":"rendered","format":"html"}]},"excerpt":{"rendered":"<p>Grupet e depuptet\u00ebve q\u00eb mb\u00ebshtesin Sali Berish\u00ebn e Gazment Bardhin do mbajn\u00eb sot takimin e dyt\u00eb pas atij t\u00eb para pak dit\u00ebve. K\u00ebsaj here ata do mblidhen n\u00eb Kuk\u00ebs ku k\u00ebt\u00eb t\u00eb diel\u00eb mbahen zgjedhjet p\u00ebr kreun e k\u00ebsaj bashkie. Takimi \u00ebsht\u00eb parashikuar t\u00eb nis\u00eb rreth or\u00ebs 12:00. Kandidati i koalicionit Bashk\u00eb Fitojm\u00eb p\u00ebr zgjedhjet [&hellip;]<\/p>\n","protected":false,"gt_translate_keys":[{"key":"rendered","format":"html"}]},"author":51,"featured_media":617109,"comment_status":"closed","ping_status":"closed","sticky":false,"template":"","format":"standard","meta":{"footnotes":""},"categories":[65],"tags":[],"class_list":["post-617108","post","type-post","status-publish","format-standard","has-post-thumbnail","hentry","category-lajme"],"gt_translate_keys":[{"key":"link","format":"url"}],"_links":{"self":[{"href":"https:\/\/www.hashtag.al\/index.php\/wp-json\/wp\/v2\/posts\/617108","targetHints":{"allow":["GET"]}}],"collection":[{"href":"https:\/\/www.hashtag.al\/index.php\/wp-json\/wp\/v2\/posts"}],"about":[{"href":"https:\/\/www.hashtag.al\/index.php\/wp-json\/wp\/v2\/types\/post"}],"author":[{"embeddable":true,"href":"https:\/\/www.hashtag.al\/index.php\/wp-json\/wp\/v2\/users\/51"}],"replies":[{"embeddable":true,"href":"https:\/\/www.hashtag.al\/index.php\/wp-json\/wp\/v2\/comments?post=617108"}],"version-history":[{"count":0,"href":"https:\/\/www.hashtag.al\/index.php\/wp-json\/wp\/v2\/posts\/617108\/revisions"}],"wp:featuredmedia":[{"embeddable":true,"href":"https:\/\/www.hashtag.al\/index.php\/wp-json\/wp\/v2\/media\/617109"}],"wp:attachment":[{"href":"https:\/\/www.hashtag.al\/index.php\/wp-json\/wp\/v2\/media?parent=617108"}],"wp:term":[{"taxonomy":"category","embeddable":true,"href":"https:\/\/www.hashtag.al\/index.php\/wp-json\/wp\/v2\/categories?post=617108"},{"taxonomy":"post_tag","embeddable":true,"href":"https:\/\/www.hashtag.al\/index.php\/wp-json\/wp\/v2\/tags?post=617108"}],"curies":[{"name":"wp","href":"https:\/\/api.w.org\/{rel}","templated":true}]}}