{"id":617088,"date":"2023-09-19T08:19:34","date_gmt":"2023-09-19T06:19:34","guid":{"rendered":"https:\/\/www.hashtag.al\/?p=617088"},"modified":"2023-09-19T00:00:07","modified_gmt":"2023-09-18T22:00:07","slug":"vetem-34-e-votuesve-amerikane-mendojne-se-biden-do-e-perfundonte-mandatin-e-dyte-sondazhi","status":"publish","type":"post","link":"https:\/\/www.hashtag.al\/index.php\/2023\/09\/19\/vetem-34-e-votuesve-amerikane-mendojne-se-biden-do-e-perfundonte-mandatin-e-dyte-sondazhi\/","title":{"rendered":"Vet\u00ebm 34% e votuesve amerikan\u00eb mendojn\u00eb se Biden do e p\u00ebrfundonte mandatin e dyt\u00eb &#8211; Sondazhi","gt_translate_keys":[{"key":"rendered","format":"text"}]},"content":{"rendered":"<p><span style=\"color: #000000;\"><img loading=\"lazy\" decoding=\"async\" class=\"aligncenter size-full wp-image-610731\" src=\"https:\/\/www.hashtag.al\/wp-content\/uploads\/2023\/08\/biden-1.jpg\" alt=\"\" width=\"768\" height=\"432\" srcset=\"https:\/\/www.hashtag.al\/wp-content\/uploads\/2023\/08\/biden-1.jpg 768w, https:\/\/www.hashtag.al\/wp-content\/uploads\/2023\/08\/biden-1-300x169.jpg 300w\" sizes=\"auto, (max-width: 768px) 100vw, 768px\" \/><\/span><\/p>\n<p><span style=\"color: #000000;\">Pak m\u00eb shum\u00eb se nj\u00eb e treta e votuesve t\u00eb regjistruar n\u00eb SHBA mendojn\u00eb se presidenti Joe Biden do t\u00eb p\u00ebrfundonte nj\u00eb mandat t\u00eb dyt\u00eb n\u00eb detyr\u00eb n\u00ebse rizgjidhet vitin e ardhsh\u00ebm, sipas nj\u00eb sondazhi t\u00eb CBS News t\u00eb botuar t\u00eb diel\u00ebn. <\/span><\/p>\n<p><span style=\"color: #000000;\">Sondazhi \u00ebsht\u00eb i fundit n\u00eb nj\u00eb seri sondazhesh q\u00eb tregojn\u00eb besim t\u00eb ul\u00ebt t\u00eb publikut n\u00eb sh\u00ebndetin mendor dhe fizik t\u00eb Biden.<\/span><\/p>\n<p><span style=\"color: #000000;\">Sipas sondazhit, 34% besojn\u00eb se Biden do e mbyllte mandatin e tij t\u00eb dyt\u00eb, nd\u00ebrsa 44% mendojn\u00eb se ai do t\u00eb t\u00ebrhiqej p\u00ebrpara vitit 2029. Rreth 22% than\u00eb se nuk ishin t\u00eb sigurt.<\/span><\/p>\n<p><span style=\"color: #000000;\">Biden do ishte 86 vje\u00e7 deri n\u00eb p\u00ebrfundimin e nj\u00eb mandati t\u00eb dyt\u00eb t\u00eb mundsh\u00ebm. Rivali i tij i supozuar, Donald Trump, do ishte 82. Sipas sondazhit, 55% e votuesve besojn\u00eb se Trump do e p\u00ebrfundonte nj\u00eb mandat t\u00eb dyt\u00eb, nd\u00ebrsa 16% than\u00eb se ai do t\u00ebrhiqej para kohe. Rreth 29% ishin t\u00eb pasigurt.<\/span><\/p>\n<p><span style=\"color: #000000;\">Si Biden ashtu edhe Trump kan\u00eb k\u00ebmb\u00ebngulur se mosha e tyre e shtyr\u00eb nuk \u00ebsht\u00eb problem. Biden koh\u00ebt e fundit i tha nj\u00eb turme se mosha e tij i ka dh\u00ebn\u00eb atij m\u00eb shum\u00eb men\u00e7uri e urt\u00ebsi, nd\u00ebrsa Trump i tha NBC News t\u00eb diel\u00ebn se ai kishte trash\u00ebguar jet\u00ebgjat\u00ebsin\u00eb nga prind\u00ebrit e tij, t\u00eb cil\u00ebt vdiq\u00ebn n\u00eb mosh\u00ebn 93 dhe 88 vje\u00e7.<\/span><\/p>\n<p><span style=\"color: #000000;\"><em>&#8220;Un\u00eb nuk mendoj se Biden \u00ebsht\u00eb shum\u00eb i vjet\u00ebr,&#8221;<\/em> tha Trump p\u00ebr NBC. <em>&#8220;Por un\u00eb mendoj se ai \u00ebsht\u00eb i paaft\u00eb dhe ky \u00ebsht\u00eb nj\u00eb problem m\u00eb i madh.&#8221;<\/em><\/span><\/p>\n","protected":false,"gt_translate_keys":[{"key":"rendered","format":"html"}]},"excerpt":{"rendered":"<p>Pak m\u00eb shum\u00eb se nj\u00eb e treta e votuesve t\u00eb regjistruar n\u00eb SHBA mendojn\u00eb se presidenti Joe Biden do t\u00eb p\u00ebrfundonte nj\u00eb mandat t\u00eb dyt\u00eb n\u00eb detyr\u00eb n\u00ebse rizgjidhet vitin e ardhsh\u00ebm, sipas nj\u00eb sondazhi t\u00eb CBS News t\u00eb botuar t\u00eb diel\u00ebn. Sondazhi \u00ebsht\u00eb i fundit n\u00eb nj\u00eb seri sondazhesh q\u00eb tregojn\u00eb besim t\u00eb ul\u00ebt [&hellip;]<\/p>\n","protected":false,"gt_translate_keys":[{"key":"rendered","format":"html"}]},"author":51,"featured_media":610731,"comment_status":"closed","ping_status":"closed","sticky":false,"template":"","format":"standard","meta":{"footnotes":""},"categories":[53],"tags":[],"class_list":["post-617088","post","type-post","status-publish","format-standard","has-post-thumbnail","hentry","category-fast-foodi"],"gt_translate_keys":[{"key":"link","format":"url"}],"_links":{"self":[{"href":"https:\/\/www.hashtag.al\/index.php\/wp-json\/wp\/v2\/posts\/617088","targetHints":{"allow":["GET"]}}],"collection":[{"href":"https:\/\/www.hashtag.al\/index.php\/wp-json\/wp\/v2\/posts"}],"about":[{"href":"https:\/\/www.hashtag.al\/index.php\/wp-json\/wp\/v2\/types\/post"}],"author":[{"embeddable":true,"href":"https:\/\/www.hashtag.al\/index.php\/wp-json\/wp\/v2\/users\/51"}],"replies":[{"embeddable":true,"href":"https:\/\/www.hashtag.al\/index.php\/wp-json\/wp\/v2\/comments?post=617088"}],"version-history":[{"count":0,"href":"https:\/\/www.hashtag.al\/index.php\/wp-json\/wp\/v2\/posts\/617088\/revisions"}],"wp:featuredmedia":[{"embeddable":true,"href":"https:\/\/www.hashtag.al\/index.php\/wp-json\/wp\/v2\/media\/610731"}],"wp:attachment":[{"href":"https:\/\/www.hashtag.al\/index.php\/wp-json\/wp\/v2\/media?parent=617088"}],"wp:term":[{"taxonomy":"category","embeddable":true,"href":"https:\/\/www.hashtag.al\/index.php\/wp-json\/wp\/v2\/categories?post=617088"},{"taxonomy":"post_tag","embeddable":true,"href":"https:\/\/www.hashtag.al\/index.php\/wp-json\/wp\/v2\/tags?post=617088"}],"curies":[{"name":"wp","href":"https:\/\/api.w.org\/{rel}","templated":true}]}}