{"id":616995,"date":"2023-09-18T15:45:36","date_gmt":"2023-09-18T13:45:36","guid":{"rendered":"https:\/\/www.hashtag.al\/?p=616995"},"modified":"2023-09-18T15:52:44","modified_gmt":"2023-09-18T13:52:44","slug":"censi-2023-drejtoresha-e-instat-pergjigjia-e-pyetesorit-i-detyrushem-penalitete-per-kedo-qe-refuzon","status":"publish","type":"post","link":"https:\/\/www.hashtag.al\/index.php\/2023\/09\/18\/censi-2023-drejtoresha-e-instat-pergjigjia-e-pyetesorit-i-detyrushem-penalitete-per-kedo-qe-refuzon\/","title":{"rendered":"Censi 2023, drejtoresha e INSTAT: P\u00ebrgjigjia e pyet\u00ebsorit i detyruesh\u00ebm, penalitete p\u00ebr k\u00ebdo q\u00eb refuzon","gt_translate_keys":[{"key":"rendered","format":"text"}]},"content":{"rendered":"<p><span style=\"color: #000000;\"><a href=\"https:\/\/www.hashtag.al\/wp-content\/uploads\/2023\/09\/dhuli3.jpg\"><img loading=\"lazy\" decoding=\"async\" class=\"aligncenter size-full wp-image-616996\" src=\"https:\/\/www.hashtag.al\/wp-content\/uploads\/2023\/09\/dhuli3.jpg\" alt=\"\" width=\"1144\" height=\"588\" srcset=\"https:\/\/www.hashtag.al\/wp-content\/uploads\/2023\/09\/dhuli3.jpg 1144w, https:\/\/www.hashtag.al\/wp-content\/uploads\/2023\/09\/dhuli3-300x154.jpg 300w, https:\/\/www.hashtag.al\/wp-content\/uploads\/2023\/09\/dhuli3-1024x526.jpg 1024w, https:\/\/www.hashtag.al\/wp-content\/uploads\/2023\/09\/dhuli3-768x395.jpg 768w\" sizes=\"auto, (max-width: 1144px) 100vw, 1144px\" \/><\/a><\/span><\/p>\n<p><span style=\"color: #000000;\">Rreth 6 or\u00eb pas nisjes zyrtarisht t\u00eb procesit Drejtoresha e Institutit t\u00eb Statistikave (INSTAT), Elsa Dhuli, n\u00eb nj\u00eb deklarat\u00eb p\u00ebr mediat, i b\u00ebri thirrje \u00e7do qytetari n\u00eb vend ti kushtoj\u00eb disa minuta procesit t\u00eb regjistrimit, duke bashk\u00ebpunuar me anketuesit n\u00eb teren pasi Censi \u00ebsht\u00eb nj\u00eb e mir\u00eb publike n\u00eb interes t\u00eb tyre.<\/span><\/p>\n<p><span style=\"color: #000000;\">Dhuli tha se n\u00eb t\u00eb gjith\u00eb territorin e vendit ka nisur sot procesi i num\u00ebrimit t\u00eb qytetar\u00ebve dhe kushtet e tyre t\u00eb banesave.<\/span><\/p>\n<p><span style=\"color: #000000;\"><em>\u201cN\u00eb t\u00eb gjith\u00eb territorin e Republik\u00ebs s\u00eb Shqip\u00ebris\u00eb, punonj\u00ebs t\u00eb INSTAT, anketues, kontrollor dhe mbik\u00ebqyr\u00ebs kan\u00eb dal\u00eb n\u00eb terren p\u00ebr t\u00eb num\u00ebruar popullsin\u00eb rezidente n\u00eb Shqip\u00ebri dhe kushtet e tyre t\u00eb banes\u00ebs<\/em>\u201d, informoi Dhuli.<\/span><\/p>\n<p><span style=\"color: #000000;\">Sipas saj, ky \u00ebsht\u00eb nj\u00eb proces statistikor, por me p\u00ebrmasa t\u00eb nj\u00eb r\u00ebnd\u00ebsie t\u00eb ve\u00e7ant\u00eb p\u00ebr vendin.<\/span><\/p>\n<p><span style=\"color: #000000;\"><em>\u201cDeri tani, referuar sistemit t\u00eb monitorimit si dhe nga p\u00ebrfaq\u00ebsues t\u00eb INSTAT-it n\u00eb terren procesi po shkon mir\u00eb. Jan\u00eb regjistruar n\u00eb aplikacion pjea m\u00eb e madhe e anketuesve. Jan\u00eb n\u00eb proces intervistimi rreth 1500 intervista, prej t\u00eb cilave jan\u00eb p\u00ebrfunduar rreth 800 pyet\u00ebsor\u201d,<\/em> tha Dhuli.<\/span><\/p>\n<p><span style=\"color: #000000;\">Dhuli tha se ky aktivitet do t\u00eb zgjas\u00eb 6 jav\u00eb.<\/span><\/p>\n<p><span style=\"color: #000000;\"><em>\u201cT\u00eb dh\u00ebnat e grumbulluara i vijn\u00eb n\u00eb ndihm\u00eb qeveris\u00eb q\u00eb t\u00eb vendos\u00eb sesi t\u2019i shp\u00ebrndaj\u00eb fondet dhe ndihm\u00ebn p\u00ebr qarqet dhe bashkit\u00eb. Autoritetet vendore do ta p\u00ebrdorin k\u00ebt\u00eb informacion p\u00ebr t\u00eb p\u00ebrcaktuar se ku t\u00eb nd\u00ebrtojn\u00eb, duke nisur nga shkollat, sht\u00ebpit\u00eb dhe spitalet e deri te rrug\u00ebt dhe rrjetet e uj\u00ebsjell\u00ebsit\u201d,<\/em> tha Dhuli.<\/span><\/p>\n<p><span style=\"color: #000000;\">Ajo shpjegoi se p\u00ebr k\u00ebdo q\u00eb refuzon ti p\u00ebrgjigjet pyet\u00ebsorit ligji parashikon penalitete.<\/span><\/p>\n<p><span style=\"color: #000000;\"><em>\u201cAktiviteti i Censit mb\u00ebshtetet mbi nj\u00eb baz\u00eb ligjore dhe \u00ebsht\u00eb e detyrueshme p\u00ebrgjigja e pyet\u00ebsorit. Patjet\u00ebr ka penalitete konform ligjit p\u00ebr k\u00ebdo q\u00eb refuzon\u201d,<\/em> b\u00ebri t\u00eb ditur Dhuli.<\/span><\/p>\n<p><span style=\"color: #000000;\">Ajo tha se ka 3 pyetje opsionale dhe ato lidhen me etnin\u00eb, fen\u00eb dhe gjuh\u00ebn.<\/span><\/p>\n","protected":false,"gt_translate_keys":[{"key":"rendered","format":"html"}]},"excerpt":{"rendered":"<p>Rreth 6 or\u00eb pas nisjes zyrtarisht t\u00eb procesit Drejtoresha e Institutit t\u00eb Statistikave (INSTAT), Elsa Dhuli, n\u00eb nj\u00eb deklarat\u00eb p\u00ebr mediat, i b\u00ebri thirrje \u00e7do qytetari n\u00eb vend ti kushtoj\u00eb disa minuta procesit t\u00eb regjistrimit, duke bashk\u00ebpunuar me anketuesit n\u00eb teren pasi Censi \u00ebsht\u00eb nj\u00eb e mir\u00eb publike n\u00eb interes t\u00eb tyre. Dhuli tha se [&hellip;]<\/p>\n","protected":false,"gt_translate_keys":[{"key":"rendered","format":"html"}]},"author":30,"featured_media":616996,"comment_status":"closed","ping_status":"closed","sticky":false,"template":"","format":"standard","meta":{"footnotes":""},"categories":[65],"tags":[],"class_list":["post-616995","post","type-post","status-publish","format-standard","has-post-thumbnail","hentry","category-lajme"],"gt_translate_keys":[{"key":"link","format":"url"}],"_links":{"self":[{"href":"https:\/\/www.hashtag.al\/index.php\/wp-json\/wp\/v2\/posts\/616995","targetHints":{"allow":["GET"]}}],"collection":[{"href":"https:\/\/www.hashtag.al\/index.php\/wp-json\/wp\/v2\/posts"}],"about":[{"href":"https:\/\/www.hashtag.al\/index.php\/wp-json\/wp\/v2\/types\/post"}],"author":[{"embeddable":true,"href":"https:\/\/www.hashtag.al\/index.php\/wp-json\/wp\/v2\/users\/30"}],"replies":[{"embeddable":true,"href":"https:\/\/www.hashtag.al\/index.php\/wp-json\/wp\/v2\/comments?post=616995"}],"version-history":[{"count":0,"href":"https:\/\/www.hashtag.al\/index.php\/wp-json\/wp\/v2\/posts\/616995\/revisions"}],"wp:featuredmedia":[{"embeddable":true,"href":"https:\/\/www.hashtag.al\/index.php\/wp-json\/wp\/v2\/media\/616996"}],"wp:attachment":[{"href":"https:\/\/www.hashtag.al\/index.php\/wp-json\/wp\/v2\/media?parent=616995"}],"wp:term":[{"taxonomy":"category","embeddable":true,"href":"https:\/\/www.hashtag.al\/index.php\/wp-json\/wp\/v2\/categories?post=616995"},{"taxonomy":"post_tag","embeddable":true,"href":"https:\/\/www.hashtag.al\/index.php\/wp-json\/wp\/v2\/tags?post=616995"}],"curies":[{"name":"wp","href":"https:\/\/api.w.org\/{rel}","templated":true}]}}