{"id":616642,"date":"2023-09-16T16:56:53","date_gmt":"2023-09-16T14:56:53","guid":{"rendered":"https:\/\/www.hashtag.al\/?p=616642"},"modified":"2023-09-16T16:56:53","modified_gmt":"2023-09-16T14:56:53","slug":"permbytjet-dhe-rrufete-vrasin-8-persona-ne-jemenin-e-goditur-nga-lufta","status":"publish","type":"post","link":"https:\/\/www.hashtag.al\/index.php\/2023\/09\/16\/permbytjet-dhe-rrufete-vrasin-8-persona-ne-jemenin-e-goditur-nga-lufta\/","title":{"rendered":"P\u00ebrmbytjet dhe rrufet\u00eb vrasin 8 persona n\u00eb Jemenin e goditur nga lufta","gt_translate_keys":[{"key":"rendered","format":"text"}]},"content":{"rendered":"<p><span style=\"color: #000000;\"><a href=\"https:\/\/www.hashtag.al\/wp-content\/uploads\/2023\/09\/lightning1.jpg\"><img loading=\"lazy\" decoding=\"async\" class=\"aligncenter size-full wp-image-616643\" src=\"https:\/\/www.hashtag.al\/wp-content\/uploads\/2023\/09\/lightning1.jpg\" alt=\"\" width=\"870\" height=\"580\" srcset=\"https:\/\/www.hashtag.al\/wp-content\/uploads\/2023\/09\/lightning1.jpg 870w, https:\/\/www.hashtag.al\/wp-content\/uploads\/2023\/09\/lightning1-300x200.jpg 300w, https:\/\/www.hashtag.al\/wp-content\/uploads\/2023\/09\/lightning1-768x512.jpg 768w\" sizes=\"auto, (max-width: 870px) 100vw, 870px\" \/><\/a><\/span><\/p>\n<p><span style=\"color: #000000;\">P\u00ebrmbytjet dhe goditjet e rrufeve n\u00eb Jemen kan\u00eb vrar\u00eb tet\u00eb civil\u00eb, tha nj\u00eb zyrtar dhe nj\u00eb mjek p\u00ebr AFP t\u00eb shtun\u00ebn, duke n\u00ebnvizuar k\u00ebrc\u00ebnimin e motit ekstrem n\u00eb vendin e shkat\u00ebrruar nga lufta.<\/span><\/p>\n<p><span style=\"color: #000000;\">Goditjet e rrufes\u00eb ndodh\u00ebn t\u00eb premten n\u00eb distriktet Al-Layha dhe Al-Zahra t\u00eb provinc\u00ebs Hodeida n\u00eb bregun e Detit t\u00eb Kuq, tha Hamza Saied, nj\u00eb mjek n\u00eb spitalin n\u00eb Al-Layha.<\/span><\/p>\n<p><span style=\"color: #000000;\"><em>\u201cGjasht\u00eb gra dhe nj\u00eb burr\u00eb u vran\u00eb dhe tre t\u00eb tjer\u00eb u plagos\u00ebn<\/em>,\u201d tha ai.<\/span><\/p>\n<p><span style=\"color: #000000;\">Zona kontrollohet nga rebel\u00ebt Huthi q\u00eb pushtuan kryeqytetin n\u00eb vitin 2014, duke nxitur nj\u00eb koalicion t\u00eb udh\u00ebhequr nga Arabia Saudite p\u00ebr t\u00eb nd\u00ebrhyr\u00eb vitin e ardhsh\u00ebm dhe duke v\u00ebn\u00eb n\u00eb l\u00ebvizje nj\u00eb konflikt brutal q\u00eb ka krijuar at\u00eb q\u00eb Kombet e Bashkuara e p\u00ebrshkruan si nj\u00eb nga krizat m\u00eb t\u00eb k\u00ebqija humanitare n\u00eb bot\u00eb.<\/span><\/p>\n<p><span style=\"color: #000000;\">Gjithashtu t\u00eb premten, p\u00ebrmbytjet vran\u00eb nj\u00eb grua dhe shkat\u00ebrruan dhjet\u00ebra sht\u00ebpi n\u00eb qytetin e af\u00ebrt t\u00eb Hais, sipas nj\u00eb zyrtari q\u00eb foli n\u00eb kushte anonimiteti sepse nuk ishte i autorizuar t\u00eb informonte mediat, sipas <span style=\"color: #0000ff;\"><a style=\"color: #0000ff;\" href=\"https:\/\/guardian.ng\/news\/flooding-lightning-strikes-kill-8-in-war-hit-yemen\/\">The Guardian.<\/a><\/span><\/span><\/p>\n<p><span style=\"color: #000000;\">Hais ndodhet n\u00eb territorin e kontrolluar nga qeveria e njohur nd\u00ebrkomb\u00ebtarisht me qend\u00ebr n\u00eb qytetin jugor t\u00eb Adenit.<\/span><\/p>\n<p><span style=\"color: #000000;\">Moti ekstrem ka zhvendosur m\u00eb shum\u00eb se 200,000 njer\u00ebz n\u00eb Jemen deri m\u00eb tani k\u00ebt\u00eb vit, &#8220;<em>shum\u00eb prej t\u00eb cil\u00ebve tashm\u00eb ishin zhvendosur disa her\u00eb&#8221;<\/em>, raportoi Fondi i Popullsis\u00eb i OKB-s\u00eb n\u00eb fillim t\u00eb k\u00ebsaj jave.<\/span><\/p>\n<p><span style=\"color: #000000;\"><em>\u201cTani parashikohet se shiu i dendur do t\u00eb prek\u00eb gati 2 milion\u00eb njer\u00ebz t\u00eb zhvendosur gjat\u00eb jav\u00ebve t\u00eb ardhshme, duke k\u00ebrc\u00ebnuar jet\u00ebt dhe jetes\u00ebn n\u00eb shum\u00eb komunitete\u201d,<\/em> tha ai.<\/span><\/p>\n<p><span style=\"color: #000000;\">Lufta gati nj\u00eb dekade e ka l\u00ebn\u00eb infrastruktur\u00ebn t\u00eb shkat\u00ebrruar n\u00eb t\u00eb gjith\u00eb Jemenin, vendin m\u00eb t\u00eb varf\u00ebr t\u00eb Gadishullit Arabik.<\/span><\/p>\n<p><span style=\"color: #000000;\">Nj\u00eb arm\u00ebpushim q\u00eb hyri n\u00eb fuqi n\u00eb prill t\u00eb vitit t\u00eb kaluar \u00ebsht\u00eb mbajtur kryesisht pavar\u00ebsisht se zyrtarisht skadon tetorin e kaluar.<\/span><\/p>\n<p><span style=\"color: #000000;\">Shpresat p\u00ebr nj\u00eb arm\u00ebpushim m\u00eb t\u00eb q\u00ebndruesh\u00ebm mor\u00ebn nj\u00eb nxitje t\u00eb re t\u00eb enjten mbr\u00ebma, kur nj\u00eb delegacion Huthi udh\u00ebtoi n\u00eb Riad p\u00ebr her\u00eb t\u00eb par\u00eb q\u00eb nga nd\u00ebrhyrja e koalicionit t\u00eb udh\u00ebhequr nga Arabia Saudite.<\/span><\/p>\n","protected":false,"gt_translate_keys":[{"key":"rendered","format":"html"}]},"excerpt":{"rendered":"<p>P\u00ebrmbytjet dhe goditjet e rrufeve n\u00eb Jemen kan\u00eb vrar\u00eb tet\u00eb civil\u00eb, tha nj\u00eb zyrtar dhe nj\u00eb mjek p\u00ebr AFP t\u00eb shtun\u00ebn, duke n\u00ebnvizuar k\u00ebrc\u00ebnimin e motit ekstrem n\u00eb vendin e shkat\u00ebrruar nga lufta. Goditjet e rrufes\u00eb ndodh\u00ebn t\u00eb premten n\u00eb distriktet Al-Layha dhe Al-Zahra t\u00eb provinc\u00ebs Hodeida n\u00eb bregun e Detit t\u00eb Kuq, tha Hamza [&hellip;]<\/p>\n","protected":false,"gt_translate_keys":[{"key":"rendered","format":"html"}]},"author":30,"featured_media":616643,"comment_status":"closed","ping_status":"closed","sticky":false,"template":"","format":"standard","meta":{"footnotes":""},"categories":[6],"tags":[],"class_list":["post-616642","post","type-post","status-publish","format-standard","has-post-thumbnail","hentry","category-nderkombetare"],"gt_translate_keys":[{"key":"link","format":"url"}],"_links":{"self":[{"href":"https:\/\/www.hashtag.al\/index.php\/wp-json\/wp\/v2\/posts\/616642","targetHints":{"allow":["GET"]}}],"collection":[{"href":"https:\/\/www.hashtag.al\/index.php\/wp-json\/wp\/v2\/posts"}],"about":[{"href":"https:\/\/www.hashtag.al\/index.php\/wp-json\/wp\/v2\/types\/post"}],"author":[{"embeddable":true,"href":"https:\/\/www.hashtag.al\/index.php\/wp-json\/wp\/v2\/users\/30"}],"replies":[{"embeddable":true,"href":"https:\/\/www.hashtag.al\/index.php\/wp-json\/wp\/v2\/comments?post=616642"}],"version-history":[{"count":0,"href":"https:\/\/www.hashtag.al\/index.php\/wp-json\/wp\/v2\/posts\/616642\/revisions"}],"wp:featuredmedia":[{"embeddable":true,"href":"https:\/\/www.hashtag.al\/index.php\/wp-json\/wp\/v2\/media\/616643"}],"wp:attachment":[{"href":"https:\/\/www.hashtag.al\/index.php\/wp-json\/wp\/v2\/media?parent=616642"}],"wp:term":[{"taxonomy":"category","embeddable":true,"href":"https:\/\/www.hashtag.al\/index.php\/wp-json\/wp\/v2\/categories?post=616642"},{"taxonomy":"post_tag","embeddable":true,"href":"https:\/\/www.hashtag.al\/index.php\/wp-json\/wp\/v2\/tags?post=616642"}],"curies":[{"name":"wp","href":"https:\/\/api.w.org\/{rel}","templated":true}]}}