{"id":616407,"date":"2023-09-14T21:19:06","date_gmt":"2023-09-14T19:19:06","guid":{"rendered":"https:\/\/www.hashtag.al\/?p=616407"},"modified":"2023-09-14T21:19:06","modified_gmt":"2023-09-14T19:19:06","slug":"presidenti-i-malit-te-zi-kerkon-hetim-per-hapjen-e-tunelit-te-nendheshem-ne-kryeqytet","status":"publish","type":"post","link":"https:\/\/www.hashtag.al\/index.php\/2023\/09\/14\/presidenti-i-malit-te-zi-kerkon-hetim-per-hapjen-e-tunelit-te-nendheshem-ne-kryeqytet\/","title":{"rendered":"Presidenti i Malit t\u00eb Zi k\u00ebrkon hetim p\u00ebr hapjen e tunelit t\u00eb n\u00ebndhesh\u00ebm n\u00eb kryeqytet","gt_translate_keys":[{"key":"rendered","format":"text"}]},"content":{"rendered":"<p><span style=\"color: #000000;\"><img loading=\"lazy\" decoding=\"async\" class=\"wp-image-616410 aligncenter\" src=\"https:\/\/www.hashtag.al\/wp-content\/uploads\/2023\/09\/th-1-1.jpg\" alt=\"\" width=\"716\" height=\"477\" srcset=\"https:\/\/www.hashtag.al\/wp-content\/uploads\/2023\/09\/th-1-1.jpg 330w, https:\/\/www.hashtag.al\/wp-content\/uploads\/2023\/09\/th-1-1-300x200.jpg 300w\" sizes=\"auto, (max-width: 716px) 100vw, 716px\" \/><\/span><\/p>\n<p><span style=\"color: #000000;\">Presidenti i Malit t\u00eb Zi b\u00ebri thirrje t\u00eb enjten p\u00ebr nj\u00eb hetim t\u00eb plot\u00eb t\u00eb kujtdo q\u00eb hapi nj\u00eb tunel n\u00ebntok\u00ebsor n\u00eb nj\u00eb zon\u00eb magazinimi t\u00eb gjykat\u00ebs n\u00eb kryeqytetin e vendit, duke e p\u00ebrshkruar veprimin si nj\u00eb sulm ndaj shtetit dhe sistemit t\u00eb tij t\u00eb drejt\u00ebsis\u00eb.<\/span><\/p>\n<p><span style=\"color: #000000;\">&#8220;<em>Un\u00eb k\u00ebrkoj p\u00ebrgjegj\u00ebsi t\u00eb plot\u00eb dhe nj\u00eb zbulim t\u00eb plot\u00eb<\/em>,&#8221; tha Presidenti Jakov Milatovi\u00e7 disa dit\u00eb pasi tuneli u gjet q\u00eb t\u00eb \u00e7onte nga nj\u00eb nd\u00ebrtes\u00eb apartamentesh n\u00eb objektin e Gjykat\u00ebs s\u00eb Lart\u00eb p\u00ebrball\u00eb rrug\u00ebs n\u00eb Podgoric\u00eb. Dosjet e \u00e7\u00ebshtjes dhe tonelata drog\u00eb dhe arm\u00eb t\u00eb sekuestruara gjat\u00eb hetimeve penale ruhen n\u00eb depon, e cila ndodhet n\u00eb bodrumin e gjykat\u00ebs.\u00a0Policia dyshon se tuneli i pacip\u00eb ishte nj\u00eb p\u00ebrpjekje e grupeve kriminale p\u00ebr t\u00eb minuar \u00e7\u00ebshtjet duke vjedhur prova ose p\u00ebr t\u00eb krijuar nj\u00eb rrug\u00eb t\u00eb mundshme shp\u00ebtimi nga gjykata.<\/span><\/p>\n<p><span style=\"color: #000000;\">\u00a0&#8220;<em>Tuneli \u00ebsht\u00eb nj\u00eb sulm ndaj drejt\u00ebsis\u00eb (sistemit) dhe ndaj Malit t\u00eb Zi.&#8221;<\/em> Tuneli u zbulua t\u00eb h\u00ebn\u00ebn pasi n\u00ebpun\u00ebsit e gjykat\u00ebs vun\u00eb re sende t\u00eb trazuara dhe ndjen\u00eb nj\u00eb rr\u00ebshqitje n\u00eb zon\u00ebn e magazinimit, njoftoi media malazeze.\u00a0Autoritetet kan\u00eb b\u00ebr\u00eb me dije se tuneli ishte rreth 30 metra i gjat\u00eb. <\/span><\/p>\n<p><span style=\"color: #000000;\">Prokuror\u00ebt than\u00eb se po k\u00ebrkonin gjasht\u00eb persona t\u00eb dyshuar p\u00ebr g\u00ebrmimin e tunelit dhe kishin filluar t\u00eb merrnin n\u00eb pyetje njer\u00ebz n\u00eb lidhje me rastin, duke p\u00ebrfshir\u00eb edhe presidentin e Gjykat\u00ebs s\u00eb Lart\u00eb.\u00a0<\/span><\/p>\n<p><span style=\"color: #000000;\">Banesa nga e ka origjin\u00ebn tuneli \u00ebsht\u00eb dh\u00ebn\u00eb me qira disa muaj m\u00eb par\u00eb. Shefi i policis\u00eb s\u00eb Malit t\u00eb Zi e p\u00ebrshkroi g\u00ebrmimin n\u00eb gjykat\u00eb si nj\u00eb operacion &#8220;t\u00eb stilit filmik&#8221; q\u00eb u desh\u00ebn muaj p\u00ebr t&#8217;u p\u00ebrgatitur dhe ekzekutuar.<\/span><\/p>\n<p>&nbsp;<\/p>\n","protected":false,"gt_translate_keys":[{"key":"rendered","format":"html"}]},"excerpt":{"rendered":"<p>Presidenti i Malit t\u00eb Zi b\u00ebri thirrje t\u00eb enjten p\u00ebr nj\u00eb hetim t\u00eb plot\u00eb t\u00eb kujtdo q\u00eb hapi nj\u00eb tunel n\u00ebntok\u00ebsor n\u00eb nj\u00eb zon\u00eb magazinimi t\u00eb gjykat\u00ebs n\u00eb kryeqytetin e vendit, duke e p\u00ebrshkruar veprimin si nj\u00eb sulm ndaj shtetit dhe sistemit t\u00eb tij t\u00eb drejt\u00ebsis\u00eb. &#8220;Un\u00eb k\u00ebrkoj p\u00ebrgjegj\u00ebsi t\u00eb plot\u00eb dhe nj\u00eb zbulim t\u00eb [&hellip;]<\/p>\n","protected":false,"gt_translate_keys":[{"key":"rendered","format":"html"}]},"author":4,"featured_media":616409,"comment_status":"closed","ping_status":"closed","sticky":false,"template":"","format":"standard","meta":{"footnotes":""},"categories":[149,13],"tags":[],"class_list":["post-616407","post","type-post","status-publish","format-standard","has-post-thumbnail","hentry","category-kosoverajon","category-te-fundit"],"gt_translate_keys":[{"key":"link","format":"url"}],"_links":{"self":[{"href":"https:\/\/www.hashtag.al\/index.php\/wp-json\/wp\/v2\/posts\/616407","targetHints":{"allow":["GET"]}}],"collection":[{"href":"https:\/\/www.hashtag.al\/index.php\/wp-json\/wp\/v2\/posts"}],"about":[{"href":"https:\/\/www.hashtag.al\/index.php\/wp-json\/wp\/v2\/types\/post"}],"author":[{"embeddable":true,"href":"https:\/\/www.hashtag.al\/index.php\/wp-json\/wp\/v2\/users\/4"}],"replies":[{"embeddable":true,"href":"https:\/\/www.hashtag.al\/index.php\/wp-json\/wp\/v2\/comments?post=616407"}],"version-history":[{"count":0,"href":"https:\/\/www.hashtag.al\/index.php\/wp-json\/wp\/v2\/posts\/616407\/revisions"}],"wp:featuredmedia":[{"embeddable":true,"href":"https:\/\/www.hashtag.al\/index.php\/wp-json\/wp\/v2\/media\/616409"}],"wp:attachment":[{"href":"https:\/\/www.hashtag.al\/index.php\/wp-json\/wp\/v2\/media?parent=616407"}],"wp:term":[{"taxonomy":"category","embeddable":true,"href":"https:\/\/www.hashtag.al\/index.php\/wp-json\/wp\/v2\/categories?post=616407"},{"taxonomy":"post_tag","embeddable":true,"href":"https:\/\/www.hashtag.al\/index.php\/wp-json\/wp\/v2\/tags?post=616407"}],"curies":[{"name":"wp","href":"https:\/\/api.w.org\/{rel}","templated":true}]}}