{"id":616348,"date":"2023-09-14T17:09:48","date_gmt":"2023-09-14T15:09:48","guid":{"rendered":"https:\/\/www.hashtag.al\/?p=616348"},"modified":"2023-09-14T17:09:48","modified_gmt":"2023-09-14T15:09:48","slug":"zjarri-perfshin-nje-pallat-dhjetekatesh-ne-tirane-prej-2-oresh-zjarrfikesit-ne-lufte-me-flaket","status":"publish","type":"post","link":"https:\/\/www.hashtag.al\/index.php\/2023\/09\/14\/zjarri-perfshin-nje-pallat-dhjetekatesh-ne-tirane-prej-2-oresh-zjarrfikesit-ne-lufte-me-flaket\/","title":{"rendered":"Zjarri p\u00ebrfshin nj\u00eb pallat dhjet\u00ebkat\u00ebsh n\u00eb Tiran\u00eb, prej 2 or\u00ebsh zjarrfik\u00ebsit n\u00eb luft\u00eb me flak\u00ebt","gt_translate_keys":[{"key":"rendered","format":"text"}]},"content":{"rendered":"<p><span style=\"color: #000000;\"><a href=\"https:\/\/www.hashtag.al\/wp-content\/uploads\/2023\/09\/Screenshot-2023-09-14-170051.png\"><img loading=\"lazy\" decoding=\"async\" class=\"aligncenter size-full wp-image-616349\" src=\"https:\/\/www.hashtag.al\/wp-content\/uploads\/2023\/09\/Screenshot-2023-09-14-170051.png\" alt=\"\" width=\"787\" height=\"431\" srcset=\"https:\/\/www.hashtag.al\/wp-content\/uploads\/2023\/09\/Screenshot-2023-09-14-170051.png 787w, https:\/\/www.hashtag.al\/wp-content\/uploads\/2023\/09\/Screenshot-2023-09-14-170051-300x164.png 300w, https:\/\/www.hashtag.al\/wp-content\/uploads\/2023\/09\/Screenshot-2023-09-14-170051-768x421.png 768w\" sizes=\"auto, (max-width: 787px) 100vw, 787px\" \/><\/a><\/span><\/p>\n<p><span style=\"color: #000000;\">Nj\u00eb pallat n\u00eb Rrug\u00ebn e Kavaj\u00ebs, pran\u00eb ish-Parkut t\u00eb Autobusave \u00ebsht\u00eb p\u00ebrfshir\u00eb nga flak\u00ebt pasi n\u00eb nj\u00eb ballkon t\u00eb nd\u00ebrtes\u00ebs ka nisur nj\u00eb zjarr.<\/span><\/p>\n<p><span style=\"color: #000000;\">Flak\u00ebt jan\u00eb p\u00ebrhapur fillimisht n\u00eb pjes\u00ebn e sip\u00ebrme t\u00eb pallatit, duke b\u00ebr\u00eb q\u00eb gjith\u00eb nd\u00ebrtesa t\u00eb pushtohet nga tymi. Nd\u00ebrkoh\u00eb zjarr\u00ebfik\u00ebsit prej 2 or\u00ebsh vijojn\u00eb t\u00eb shuajn\u00eb flak\u00ebt q\u00eb kan\u00eb p\u00ebrfshir\u00eb pallatin dhjet\u00ebkat\u00ebsh.<\/span><\/p>\n<p><span style=\"color: #000000;\">Rreth or\u00ebs 14:20 minuta flak\u00ebt ran\u00eb fillimisht n\u00eb ballkonin e katit t\u00eb fundit t\u00eb pallatit por m\u00eb pas u p\u00ebrhap me shpejt\u00ebsi n\u00eb katet e poshtme t\u00eb pallatit.<\/span><\/p>\n<p><span style=\"color: #000000;\">Disa zjarrfik\u00ebse vijojn\u00eb t\u00eb luftojn\u00eb me flak\u00ebt. N\u00eb katin e gjasht\u00eb dhe shtat\u00eb ka vatra aktive nd\u00ebrsa n\u00eb katet e tjera flak\u00ebt jan\u00eb shuar.<\/span><\/p>\n<p><span style=\"color: #000000;\">Zjarrfik\u00ebsit po p\u00ebrpiqen t\u00eb shmangin flak\u00ebt t\u00eb p\u00ebrhapen dhe n\u00eb dy pallate ngjitur me pallatin e zi.<\/span><\/p>\n<p><span style=\"color: #000000;\">Pjes\u00eb t\u00eb fasad\u00ebs bien nga pallati i cili \u00ebsht\u00eb v\u00ebn\u00eb n\u00eb funksion 2 vjet m\u00eb par\u00eb.\u00a0<\/span><\/p>\n<p><span style=\"color: #000000;\">Policia ka evakuar banor\u00ebt, gjithashtu \u00ebsht\u00eb vendosur dhe nj\u00eb perimet\u00ebr sigurie. Nd\u00ebrkoh\u00eb dy ambulanca kan\u00eb mb\u00ebrritur n\u00eb vendngjarje.<\/span><\/p>\n<p><span style=\"color: #000000;\">Ende nuk dihen shkaqet e zjarrit. Fatmir\u00ebsisht nuk raportohet p\u00ebr persona t\u00eb l\u00ebnduar, por vet\u00ebm p\u00ebr d\u00ebme materiale.<\/span><\/p>\n","protected":false,"gt_translate_keys":[{"key":"rendered","format":"html"}]},"excerpt":{"rendered":"<p>Nj\u00eb pallat n\u00eb Rrug\u00ebn e Kavaj\u00ebs, pran\u00eb ish-Parkut t\u00eb Autobusave \u00ebsht\u00eb p\u00ebrfshir\u00eb nga flak\u00ebt pasi n\u00eb nj\u00eb ballkon t\u00eb nd\u00ebrtes\u00ebs ka nisur nj\u00eb zjarr. Flak\u00ebt jan\u00eb p\u00ebrhapur fillimisht n\u00eb pjes\u00ebn e sip\u00ebrme t\u00eb pallatit, duke b\u00ebr\u00eb q\u00eb gjith\u00eb nd\u00ebrtesa t\u00eb pushtohet nga tymi. Nd\u00ebrkoh\u00eb zjarr\u00ebfik\u00ebsit prej 2 or\u00ebsh vijojn\u00eb t\u00eb shuajn\u00eb flak\u00ebt q\u00eb kan\u00eb p\u00ebrfshir\u00eb [&hellip;]<\/p>\n","protected":false,"gt_translate_keys":[{"key":"rendered","format":"html"}]},"author":30,"featured_media":616349,"comment_status":"closed","ping_status":"closed","sticky":false,"template":"","format":"standard","meta":{"footnotes":""},"categories":[65],"tags":[],"class_list":["post-616348","post","type-post","status-publish","format-standard","has-post-thumbnail","hentry","category-lajme"],"gt_translate_keys":[{"key":"link","format":"url"}],"_links":{"self":[{"href":"https:\/\/www.hashtag.al\/index.php\/wp-json\/wp\/v2\/posts\/616348","targetHints":{"allow":["GET"]}}],"collection":[{"href":"https:\/\/www.hashtag.al\/index.php\/wp-json\/wp\/v2\/posts"}],"about":[{"href":"https:\/\/www.hashtag.al\/index.php\/wp-json\/wp\/v2\/types\/post"}],"author":[{"embeddable":true,"href":"https:\/\/www.hashtag.al\/index.php\/wp-json\/wp\/v2\/users\/30"}],"replies":[{"embeddable":true,"href":"https:\/\/www.hashtag.al\/index.php\/wp-json\/wp\/v2\/comments?post=616348"}],"version-history":[{"count":0,"href":"https:\/\/www.hashtag.al\/index.php\/wp-json\/wp\/v2\/posts\/616348\/revisions"}],"wp:featuredmedia":[{"embeddable":true,"href":"https:\/\/www.hashtag.al\/index.php\/wp-json\/wp\/v2\/media\/616349"}],"wp:attachment":[{"href":"https:\/\/www.hashtag.al\/index.php\/wp-json\/wp\/v2\/media?parent=616348"}],"wp:term":[{"taxonomy":"category","embeddable":true,"href":"https:\/\/www.hashtag.al\/index.php\/wp-json\/wp\/v2\/categories?post=616348"},{"taxonomy":"post_tag","embeddable":true,"href":"https:\/\/www.hashtag.al\/index.php\/wp-json\/wp\/v2\/tags?post=616348"}],"curies":[{"name":"wp","href":"https:\/\/api.w.org\/{rel}","templated":true}]}}