{"id":616346,"date":"2023-09-14T17:30:25","date_gmt":"2023-09-14T15:30:25","guid":{"rendered":"https:\/\/www.hashtag.al\/?p=616346"},"modified":"2023-09-14T17:30:25","modified_gmt":"2023-09-14T15:30:25","slug":"borrell-kurti-nuk-e-pranoi-propozimin-per-kompromis-insistoi-ne-njohje","status":"publish","type":"post","link":"https:\/\/www.hashtag.al\/index.php\/2023\/09\/14\/borrell-kurti-nuk-e-pranoi-propozimin-per-kompromis-insistoi-ne-njohje\/","title":{"rendered":"Borrell: Kurti nuk e pranoi propozimin p\u00ebr kompromis, insistoi n\u00eb njohje","gt_translate_keys":[{"key":"rendered","format":"text"}]},"content":{"rendered":"<p><span style=\"color: #000000;\"><a href=\"https:\/\/www.hashtag.al\/wp-content\/uploads\/2023\/09\/Screenshot-2023-09-14-142955.png\"><img loading=\"lazy\" decoding=\"async\" class=\"aligncenter size-full wp-image-616325\" src=\"https:\/\/www.hashtag.al\/wp-content\/uploads\/2023\/09\/Screenshot-2023-09-14-142955.png\" alt=\"\" width=\"1250\" height=\"662\" srcset=\"https:\/\/www.hashtag.al\/wp-content\/uploads\/2023\/09\/Screenshot-2023-09-14-142955.png 1250w, https:\/\/www.hashtag.al\/wp-content\/uploads\/2023\/09\/Screenshot-2023-09-14-142955-300x159.png 300w, https:\/\/www.hashtag.al\/wp-content\/uploads\/2023\/09\/Screenshot-2023-09-14-142955-1024x542.png 1024w, https:\/\/www.hashtag.al\/wp-content\/uploads\/2023\/09\/Screenshot-2023-09-14-142955-768x407.png 768w\" sizes=\"auto, (max-width: 1250px) 100vw, 1250px\" \/><\/a><\/span><\/p>\n<p><span style=\"color: #000000;\">Shefi i politik\u00ebs s\u00eb jashtme t\u00eb Bashkimit Evropian, Josep Borrell, tha se kryeministri i Kosov\u00ebs, Albin Kurti, nuk e pranoi propozimin e BE-s\u00eb p\u00ebr zbatimin e Marr\u00ebveshjes p\u00ebr normalizimin e marr\u00ebdh\u00ebnieve me Serbin\u00eb, por se k\u00ebrkoi q\u00eb t\u00eb formalicohet njohja de facto e Kosov\u00ebs nga Serbia.<\/span><\/p>\n<p><span style=\"color: #000000;\">Borrell priti t\u00eb enjten n\u00eb nj\u00eb rund t\u00eb ri bisedimesh Kurtin dhe presidentin e Serbis\u00eb, Aleksandar Vu\u00e7i\u00e7.<\/span><\/p>\n<p><span style=\"color: #000000;\"><em>\u201cSot, me kryeministrin Kurti dhe presidentin Vu\u00e7i\u00e7,, kam tentuar q\u00eb t\u00eb gjejm\u00eb zgjidhje p\u00ebr nj\u00eb rrug\u00eb p\u00ebrpara, bazuar n\u00eb propozimin ton\u00eb. Fatkeq\u00ebsisht, pas nj\u00eb takimi t\u00eb gjat\u00eb, kryeministri Kurti nuk ka qen\u00eb i gatsh\u00ebm q\u00eb t\u00eb ec\u00eb p\u00ebrpara me fillimin e nj\u00eb procesi t\u00eb besuesh\u00ebm p\u00ebr themelimin e Asociacionit [t\u00eb komunave me shumic\u00eb serbe n\u00eb Kosov\u00eb]. N\u00eb vend t\u00eb k\u00ebsaj, ai ka insistuar q\u00eb t\u00eb formalizohet njohja de facto si hap i par\u00eb<\/em>\u201d, tha Borrell.<\/span><\/p>\n<p><span style=\"color: #000000;\"><em>\u201cJemi p\u00ebrpjekur shum\u00eb, por, p\u00ebr fat t\u00eb keq, sot nuk ka qen\u00eb e mundur t\u00eb thyhen dallimet\u201d,<\/em> tha ai, duke shtuar se Vu\u00e7i\u00e7 e pranoi propozimin e BE-s\u00eb.<\/span><\/p>\n<p><span style=\"color: #000000;\">Borrell sqaroi se propozim i bllokut evropian \u00ebsht\u00eb q\u00eb Marr\u00ebveshja p\u00ebr normalizim marr\u00ebdh\u00ebniesh t\u00eb zbatohet nga t\u00eb dyja pal\u00ebt paralelisht.<\/span><\/p>\n<p><span style=\"color: #000000;\"><em>\u201cKy ka qen\u00eb kompromisi m\u00eb i mir\u00eb q\u00eb kemi mundur t\u00eb ofrojm\u00eb\u201d,<\/em> tha Borrell, duke shtuar se ai mb\u00ebshtetet edhe nga partner\u00ebt amerikan\u00eb.<\/span><\/p>\n<p><span style=\"color: #000000;\">Kryediplomati evropian tha, po ashtu, se nuk ka p\u00ebrparim n\u00eb shtensionimin e situat\u00eb n\u00eb veri t\u00eb Kosov\u00ebs \u2013 zon\u00eb e banuar me shumic\u00eb serbe.<\/span><\/p>\n<p><span style=\"color: #000000;\"><em>\u201cDisa hapa jan\u00eb nd\u00ebrmarr\u00eb nga Kosova dhe ne i mir\u00ebpresim. Disa, por ajo nuk e ka p\u00ebrmbushur k\u00ebrkes\u00ebn e b\u00ebr\u00eb p\u00ebr shtensionim t\u00eb plot\u00eb\u201d,<\/em> tha Borrell.<\/span><\/p>\n<p><span style=\"color: #000000;\">Vu\u00e7i\u00e7 tha se bisedimet me Kurtin p\u00ebrfunduan pa sukses, pasi Kurti, sipas tij, \u201c<em>e refuzoi propozimin evropian\u201d.\/ <span style=\"color: #0000ff;\"><a style=\"color: #0000ff;\" href=\"https:\/\/www.evropaelire.org\/a\/rundi-dialogu-kosove-serbi-\/32591140.html\">REL<\/a><\/span><\/em><\/span><\/p>\n","protected":false,"gt_translate_keys":[{"key":"rendered","format":"html"}]},"excerpt":{"rendered":"<p>Shefi i politik\u00ebs s\u00eb jashtme t\u00eb Bashkimit Evropian, Josep Borrell, tha se kryeministri i Kosov\u00ebs, Albin Kurti, nuk e pranoi propozimin e BE-s\u00eb p\u00ebr zbatimin e Marr\u00ebveshjes p\u00ebr normalizimin e marr\u00ebdh\u00ebnieve me Serbin\u00eb, por se k\u00ebrkoi q\u00eb t\u00eb formalicohet njohja de facto e Kosov\u00ebs nga Serbia. Borrell priti t\u00eb enjten n\u00eb nj\u00eb rund t\u00eb ri [&hellip;]<\/p>\n","protected":false,"gt_translate_keys":[{"key":"rendered","format":"html"}]},"author":30,"featured_media":616325,"comment_status":"closed","ping_status":"closed","sticky":false,"template":"","format":"standard","meta":{"footnotes":""},"categories":[149],"tags":[],"class_list":["post-616346","post","type-post","status-publish","format-standard","has-post-thumbnail","hentry","category-kosoverajon"],"gt_translate_keys":[{"key":"link","format":"url"}],"_links":{"self":[{"href":"https:\/\/www.hashtag.al\/index.php\/wp-json\/wp\/v2\/posts\/616346","targetHints":{"allow":["GET"]}}],"collection":[{"href":"https:\/\/www.hashtag.al\/index.php\/wp-json\/wp\/v2\/posts"}],"about":[{"href":"https:\/\/www.hashtag.al\/index.php\/wp-json\/wp\/v2\/types\/post"}],"author":[{"embeddable":true,"href":"https:\/\/www.hashtag.al\/index.php\/wp-json\/wp\/v2\/users\/30"}],"replies":[{"embeddable":true,"href":"https:\/\/www.hashtag.al\/index.php\/wp-json\/wp\/v2\/comments?post=616346"}],"version-history":[{"count":0,"href":"https:\/\/www.hashtag.al\/index.php\/wp-json\/wp\/v2\/posts\/616346\/revisions"}],"wp:featuredmedia":[{"embeddable":true,"href":"https:\/\/www.hashtag.al\/index.php\/wp-json\/wp\/v2\/media\/616325"}],"wp:attachment":[{"href":"https:\/\/www.hashtag.al\/index.php\/wp-json\/wp\/v2\/media?parent=616346"}],"wp:term":[{"taxonomy":"category","embeddable":true,"href":"https:\/\/www.hashtag.al\/index.php\/wp-json\/wp\/v2\/categories?post=616346"},{"taxonomy":"post_tag","embeddable":true,"href":"https:\/\/www.hashtag.al\/index.php\/wp-json\/wp\/v2\/tags?post=616346"}],"curies":[{"name":"wp","href":"https:\/\/api.w.org\/{rel}","templated":true}]}}