{"id":616285,"date":"2023-09-14T11:25:25","date_gmt":"2023-09-14T09:25:25","guid":{"rendered":"https:\/\/www.hashtag.al\/?p=616285"},"modified":"2023-09-14T11:25:25","modified_gmt":"2023-09-14T09:25:25","slug":"zhupa-manastirliu-duhet-te-shkonte-ne-spak-per-abuzimet-te-ministria-e-shendetesise","status":"publish","type":"post","link":"https:\/\/www.hashtag.al\/index.php\/2023\/09\/14\/zhupa-manastirliu-duhet-te-shkonte-ne-spak-per-abuzimet-te-ministria-e-shendetesise\/","title":{"rendered":"Zhupa: Manastirliu duhet t\u00eb shkonte n\u00eb SPAK p\u00ebr abuzimet te Ministria e Sh\u00ebndet\u00ebsis\u00eb","gt_translate_keys":[{"key":"rendered","format":"text"}]},"content":{"rendered":"<p><img loading=\"lazy\" decoding=\"async\" class=\"aligncenter size-full wp-image-616286\" src=\"https:\/\/www.hashtag.al\/wp-content\/uploads\/2023\/09\/manastirliu.jpg\" alt=\"\" width=\"2000\" height=\"1000\" srcset=\"https:\/\/www.hashtag.al\/wp-content\/uploads\/2023\/09\/manastirliu.jpg 2000w, https:\/\/www.hashtag.al\/wp-content\/uploads\/2023\/09\/manastirliu-300x150.jpg 300w, https:\/\/www.hashtag.al\/wp-content\/uploads\/2023\/09\/manastirliu-1024x512.jpg 1024w, https:\/\/www.hashtag.al\/wp-content\/uploads\/2023\/09\/manastirliu-768x384.jpg 768w, https:\/\/www.hashtag.al\/wp-content\/uploads\/2023\/09\/manastirliu-1536x768.jpg 1536w\" sizes=\"auto, (max-width: 2000px) 100vw, 2000px\" \/><\/p>\n<p><span style=\"color: #000000;\">Deputetja e PD-s\u00eb Ina Zhupa komentoi n\u00eb seanc\u00ebn e sotme em\u00ebrimin e Ogerta Manastirliut n\u00eb krye t\u00eb Ministris\u00eb s\u00eb Arsimit. <\/span><\/p>\n<p><span style=\"color: #000000;\">Ajo tha se kontrollet e KLSH-s\u00eb kan\u00eb nxjerr\u00eb abuzimet e Manastirliut n\u00eb krye t\u00eb Ministris\u00eb s\u00eb Sh\u00ebndet\u00ebsis\u00eb dhe n\u00eb vend q\u00eb t\u00eb shkonte n\u00eb SPAK, Rama e ka promovuar dhe e ka em\u00ebruar t\u00eb Arsimi.<\/span><\/p>\n<p><span style=\"color: #000000;\"><em>\u201cE nis\u00ebt me em\u00ebrime dhe shkarkime ministrash q\u00eb n\u00eb fakt ndryshon vet\u00ebm veshja, por jo korrupsioni dhe stili i paligjsh\u00ebm i em\u00ebrimit t\u00eb tyre. Kulmi nuk \u00ebsht\u00eb Mete, por Ogerta Manastirliu. Si mundet kjo qeveri q\u00eb zonj\u00ebn \u2018abuzimi\u2019 si\u00e7 thon\u00eb mesazhet q\u00eb m\u00eb vinin dje thoshin zonja \u2018vrastare\u2019, por un\u00eb nuk e p\u00ebrdor, por zonja \u2018abuzimi\u2019 \u00ebsht\u00eb 100% e v\u00ebrtet\u00eb sepse e thon\u00eb dhe kontrollet e KLSH. N\u00eb vend ta \u00e7onit n\u00eb SPAK e b\u00ebt\u00eb ministre arsimi, p\u00ebr t\u00eb shkat\u00ebrruar arsimin. Nj\u00eb ministre q\u00eb nuk thot\u00eb dot nj\u00eb sukses n\u00eb krye t\u00eb ministris\u00eb s\u00eb sh\u00ebndet\u00ebsis\u00eb, e promovoni.\u201d<\/em> &#8211; tha Zhupa.<\/span><\/p>\n","protected":false,"gt_translate_keys":[{"key":"rendered","format":"html"}]},"excerpt":{"rendered":"<p>Deputetja e PD-s\u00eb Ina Zhupa komentoi n\u00eb seanc\u00ebn e sotme em\u00ebrimin e Ogerta Manastirliut n\u00eb krye t\u00eb Ministris\u00eb s\u00eb Arsimit. Ajo tha se kontrollet e KLSH-s\u00eb kan\u00eb nxjerr\u00eb abuzimet e Manastirliut n\u00eb krye t\u00eb Ministris\u00eb s\u00eb Sh\u00ebndet\u00ebsis\u00eb dhe n\u00eb vend q\u00eb t\u00eb shkonte n\u00eb SPAK, Rama e ka promovuar dhe e ka em\u00ebruar t\u00eb Arsimi. [&hellip;]<\/p>\n","protected":false,"gt_translate_keys":[{"key":"rendered","format":"html"}]},"author":51,"featured_media":616286,"comment_status":"closed","ping_status":"closed","sticky":false,"template":"","format":"standard","meta":{"footnotes":""},"categories":[65],"tags":[],"class_list":["post-616285","post","type-post","status-publish","format-standard","has-post-thumbnail","hentry","category-lajme"],"gt_translate_keys":[{"key":"link","format":"url"}],"_links":{"self":[{"href":"https:\/\/www.hashtag.al\/index.php\/wp-json\/wp\/v2\/posts\/616285","targetHints":{"allow":["GET"]}}],"collection":[{"href":"https:\/\/www.hashtag.al\/index.php\/wp-json\/wp\/v2\/posts"}],"about":[{"href":"https:\/\/www.hashtag.al\/index.php\/wp-json\/wp\/v2\/types\/post"}],"author":[{"embeddable":true,"href":"https:\/\/www.hashtag.al\/index.php\/wp-json\/wp\/v2\/users\/51"}],"replies":[{"embeddable":true,"href":"https:\/\/www.hashtag.al\/index.php\/wp-json\/wp\/v2\/comments?post=616285"}],"version-history":[{"count":0,"href":"https:\/\/www.hashtag.al\/index.php\/wp-json\/wp\/v2\/posts\/616285\/revisions"}],"wp:featuredmedia":[{"embeddable":true,"href":"https:\/\/www.hashtag.al\/index.php\/wp-json\/wp\/v2\/media\/616286"}],"wp:attachment":[{"href":"https:\/\/www.hashtag.al\/index.php\/wp-json\/wp\/v2\/media?parent=616285"}],"wp:term":[{"taxonomy":"category","embeddable":true,"href":"https:\/\/www.hashtag.al\/index.php\/wp-json\/wp\/v2\/categories?post=616285"},{"taxonomy":"post_tag","embeddable":true,"href":"https:\/\/www.hashtag.al\/index.php\/wp-json\/wp\/v2\/tags?post=616285"}],"curies":[{"name":"wp","href":"https:\/\/api.w.org\/{rel}","templated":true}]}}