{"id":616225,"date":"2023-09-13T21:38:30","date_gmt":"2023-09-13T19:38:30","guid":{"rendered":"https:\/\/www.hashtag.al\/?p=616225"},"modified":"2023-09-13T21:38:30","modified_gmt":"2023-09-13T19:38:30","slug":"basha-mbledh-kolegjin-e-kryetareve-nis-procesin-e-zgjedhjeve-ne-te-gjitha-deget","status":"publish","type":"post","link":"https:\/\/www.hashtag.al\/index.php\/2023\/09\/13\/basha-mbledh-kolegjin-e-kryetareve-nis-procesin-e-zgjedhjeve-ne-te-gjitha-deget\/","title":{"rendered":"Basha mbledh Kolegjin e Kryetar\u00ebve, nis procesin e zgjedhjeve n\u00eb t\u00eb gjitha deg\u00ebt","gt_translate_keys":[{"key":"rendered","format":"text"}]},"content":{"rendered":"<p><span style=\"color: #000000;\"><a style=\"color: #000000;\" href=\"https:\/\/www.hashtag.al\/wp-content\/uploads\/2023\/09\/basha-6.jpg\"><img loading=\"lazy\" decoding=\"async\" class=\"aligncenter size-full wp-image-615345\" src=\"https:\/\/www.hashtag.al\/wp-content\/uploads\/2023\/09\/basha-6.jpg\" alt=\"\" width=\"871\" height=\"586\" srcset=\"https:\/\/www.hashtag.al\/wp-content\/uploads\/2023\/09\/basha-6.jpg 871w, https:\/\/www.hashtag.al\/wp-content\/uploads\/2023\/09\/basha-6-300x202.jpg 300w, https:\/\/www.hashtag.al\/wp-content\/uploads\/2023\/09\/basha-6-768x517.jpg 768w\" sizes=\"auto, (max-width: 871px) 100vw, 871px\" \/><\/a><\/span><\/p>\n<p><span style=\"color: #000000;\">Kreu i PD, Lulzim Basha, ka mbledhur Kolegjin e Kryetar\u00ebve.<\/span><\/p>\n<p><span style=\"color: #000000;\">Kolegji ka vendosur q\u00eb t\u00eb zhvillohen zgjedhje n\u00eb strukturat e PD n\u00eb t\u00eb gjith\u00eb vendin.<\/span><\/p>\n<p><span style=\"color: #000000;\">Deri m\u00eb 5 tetor do t\u00eb ket\u00eb verifikim t\u00eb plot\u00eb t\u00eb an\u00ebtar\u00ebsis\u00eb, nd\u00ebrsa procesi do t\u00eb mbyllet m\u00eb 31 dhjetor.<\/span><\/p>\n","protected":false,"gt_translate_keys":[{"key":"rendered","format":"html"}]},"excerpt":{"rendered":"<p>Kreu i PD, Lulzim Basha, ka mbledhur Kolegjin e Kryetar\u00ebve. Kolegji ka vendosur q\u00eb t\u00eb zhvillohen zgjedhje n\u00eb strukturat e PD n\u00eb t\u00eb gjith\u00eb vendin. Deri m\u00eb 5 tetor do t\u00eb ket\u00eb verifikim t\u00eb plot\u00eb t\u00eb an\u00ebtar\u00ebsis\u00eb, nd\u00ebrsa procesi do t\u00eb mbyllet m\u00eb 31 dhjetor.<\/p>\n","protected":false,"gt_translate_keys":[{"key":"rendered","format":"html"}]},"author":32,"featured_media":615345,"comment_status":"closed","ping_status":"closed","sticky":false,"template":"","format":"standard","meta":{"footnotes":""},"categories":[65,13],"tags":[],"class_list":["post-616225","post","type-post","status-publish","format-standard","has-post-thumbnail","hentry","category-lajme","category-te-fundit"],"gt_translate_keys":[{"key":"link","format":"url"}],"_links":{"self":[{"href":"https:\/\/www.hashtag.al\/index.php\/wp-json\/wp\/v2\/posts\/616225","targetHints":{"allow":["GET"]}}],"collection":[{"href":"https:\/\/www.hashtag.al\/index.php\/wp-json\/wp\/v2\/posts"}],"about":[{"href":"https:\/\/www.hashtag.al\/index.php\/wp-json\/wp\/v2\/types\/post"}],"author":[{"embeddable":true,"href":"https:\/\/www.hashtag.al\/index.php\/wp-json\/wp\/v2\/users\/32"}],"replies":[{"embeddable":true,"href":"https:\/\/www.hashtag.al\/index.php\/wp-json\/wp\/v2\/comments?post=616225"}],"version-history":[{"count":0,"href":"https:\/\/www.hashtag.al\/index.php\/wp-json\/wp\/v2\/posts\/616225\/revisions"}],"wp:featuredmedia":[{"embeddable":true,"href":"https:\/\/www.hashtag.al\/index.php\/wp-json\/wp\/v2\/media\/615345"}],"wp:attachment":[{"href":"https:\/\/www.hashtag.al\/index.php\/wp-json\/wp\/v2\/media?parent=616225"}],"wp:term":[{"taxonomy":"category","embeddable":true,"href":"https:\/\/www.hashtag.al\/index.php\/wp-json\/wp\/v2\/categories?post=616225"},{"taxonomy":"post_tag","embeddable":true,"href":"https:\/\/www.hashtag.al\/index.php\/wp-json\/wp\/v2\/tags?post=616225"}],"curies":[{"name":"wp","href":"https:\/\/api.w.org\/{rel}","templated":true}]}}