{"id":616154,"date":"2023-09-13T17:33:27","date_gmt":"2023-09-13T15:33:27","guid":{"rendered":"https:\/\/www.hashtag.al\/?p=616154"},"modified":"2023-09-13T17:34:32","modified_gmt":"2023-09-13T15:34:32","slug":"hapja-e-shkolles-shqipe-ne-mal-te-zi-rama-vogelushet-do-marrin-dije-ne-gjuhen-shqipe","status":"publish","type":"post","link":"https:\/\/www.hashtag.al\/index.php\/2023\/09\/13\/hapja-e-shkolles-shqipe-ne-mal-te-zi-rama-vogelushet-do-marrin-dije-ne-gjuhen-shqipe\/","title":{"rendered":"Rama p\u00ebrsh\u00ebndet hapjen e shkoll\u00ebs shqipe n\u00eb Mal t\u00eb Zi: Nga sot vog\u00eblush\u00ebt do marrin dije n\u00eb gjuh\u00ebn shqipe","gt_translate_keys":[{"key":"rendered","format":"text"}]},"content":{"rendered":"<p><span style=\"color: #000000;\"><a href=\"https:\/\/www.hashtag.al\/wp-content\/uploads\/2023\/09\/1694616735_maliizi.jpg\"><img loading=\"lazy\" decoding=\"async\" class=\"aligncenter size-full wp-image-616155\" src=\"https:\/\/www.hashtag.al\/wp-content\/uploads\/2023\/09\/1694616735_maliizi.jpg\" alt=\"\" width=\"780\" height=\"440\" srcset=\"https:\/\/www.hashtag.al\/wp-content\/uploads\/2023\/09\/1694616735_maliizi.jpg 780w, https:\/\/www.hashtag.al\/wp-content\/uploads\/2023\/09\/1694616735_maliizi-300x169.jpg 300w, https:\/\/www.hashtag.al\/wp-content\/uploads\/2023\/09\/1694616735_maliizi-768x433.jpg 768w\" sizes=\"auto, (max-width: 780px) 100vw, 780px\" \/><\/a><\/span><\/p>\n<p><span style=\"color: #000000;\">N\u00eb Mal t\u00eb Zi \u00ebsht\u00eb rihapur shkolla e vetme shqipe tashm\u00eb e restauruar pas investimit me vler\u00eb 250 mij\u00eb euro nga qeveria e Dritan Abazovi\u00e7it.<\/span><\/p>\n<p><span style=\"color: #000000;\">Shqiptar\u00ebt n\u00eb qytetin e Rozhaj\u00ebs do t\u00eb ket\u00eb mund\u00ebsi t\u00eb m\u00ebsoj\u00eb n\u00eb nj\u00eb shkoll\u00eb ku procesi do t\u00eb jet\u00eb vet\u00ebm n\u00eb k\u00ebt\u00eb gjuh\u00eb. Kryeministri me origjin\u00eb shqiptare, Dritan Abazovi\u00e7 n\u00eb ceremonin\u00eb e hapjes shprehu besimin q\u00eb numri prej 23 nx\u00ebn\u00ebsish q\u00eb m\u00ebsojn\u00eb aty, t\u00eb rritet vit pas viti.<\/span><\/p>\n<p><span style=\"color: #000000;\"><em>\u201cKemi t\u00eb b\u00ebjm\u00eb me shkoll\u00ebn e vetme n\u00eb Rozhaj\u00eb q\u00eb mban m\u00ebsim n\u00eb gjuh\u00ebn shqipe. Sot \u00ebsht\u00eb hera e par\u00eb n\u00eb histori q\u00eb kjo shkoll\u00eb vizitohet nga kryeministri. K\u00ebtu m\u00ebsojn\u00eb 23 nx\u00ebn\u00ebs dhe besoj numri i tyre do t\u00eb shtohet\u201d,<\/em> tha Abazovi\u00e7.<\/span><\/p>\n<p><span style=\"color: #000000;\">Rihapjen e shkoll\u00ebs e ka p\u00ebrsh\u00ebndetur edhe kryeministri Edi Rama.<\/span><\/p>\n<p><span style=\"color: #000000;\"><em>\u201cNga sot, vog\u00eblush\u00ebt n\u00eb Rozhaj\u00eb t\u00eb Malit t\u00eb Zi do t\u00eb marrin dije n\u00eb gjuh\u00ebn shqipe n\u00eb shkoll\u00ebn e sapo p\u00ebruruar nga miku im, Dritani, ma i miri i t\u00eb tan\u00ebve\u201d,<\/em> shkruan Rama.<\/span><\/p>\n<p><span style=\"color: #000000;\">Vendimi p\u00ebrb\u00ebn nj\u00eb hap historik n\u00eb p\u00ebrpjekjet e shqiptar\u00ebve t\u00eb Malit t\u00eb Zi p\u00ebr ruajtjen e gjuh\u00ebs shqipe nd\u00ebr breza. Ve\u00e7an\u00ebrisht t\u00eb v\u00ebshtira p\u00ebr popullin shqiptar ishin t\u00eb k\u00ebsaj treve ishin vitet 1918-1919, ku ushtria serbe e ndihmuar nga ajo franceze e d\u00ebboi ushtrin\u00eb e koalicionit Austro-Hungarez dhe e vendos\u00ebn Rozhaj\u00ebn n\u00ebn sundimin e Jugosllavis\u00eb, ku populli shqiptar p\u00ebrjetoi padrejt\u00ebsi t\u00eb m\u00ebdha deri n\u00eb shkall\u00ebn e gjenocidit. Gjat\u00eb pushtimit u hap\u00ebn m\u00eb dhun\u00eb disa shkolla n\u00eb gjuh\u00ebn serbe.<\/span><\/p>\n","protected":false,"gt_translate_keys":[{"key":"rendered","format":"html"}]},"excerpt":{"rendered":"<p>N\u00eb Mal t\u00eb Zi \u00ebsht\u00eb rihapur shkolla e vetme shqipe tashm\u00eb e restauruar pas investimit me vler\u00eb 250 mij\u00eb euro nga qeveria e Dritan Abazovi\u00e7it. Shqiptar\u00ebt n\u00eb qytetin e Rozhaj\u00ebs do t\u00eb ket\u00eb mund\u00ebsi t\u00eb m\u00ebsoj\u00eb n\u00eb nj\u00eb shkoll\u00eb ku procesi do t\u00eb jet\u00eb vet\u00ebm n\u00eb k\u00ebt\u00eb gjuh\u00eb. Kryeministri me origjin\u00eb shqiptare, Dritan Abazovi\u00e7 n\u00eb [&hellip;]<\/p>\n","protected":false,"gt_translate_keys":[{"key":"rendered","format":"html"}]},"author":30,"featured_media":616155,"comment_status":"closed","ping_status":"closed","sticky":false,"template":"","format":"standard","meta":{"footnotes":""},"categories":[65],"tags":[],"class_list":["post-616154","post","type-post","status-publish","format-standard","has-post-thumbnail","hentry","category-lajme"],"gt_translate_keys":[{"key":"link","format":"url"}],"_links":{"self":[{"href":"https:\/\/www.hashtag.al\/index.php\/wp-json\/wp\/v2\/posts\/616154","targetHints":{"allow":["GET"]}}],"collection":[{"href":"https:\/\/www.hashtag.al\/index.php\/wp-json\/wp\/v2\/posts"}],"about":[{"href":"https:\/\/www.hashtag.al\/index.php\/wp-json\/wp\/v2\/types\/post"}],"author":[{"embeddable":true,"href":"https:\/\/www.hashtag.al\/index.php\/wp-json\/wp\/v2\/users\/30"}],"replies":[{"embeddable":true,"href":"https:\/\/www.hashtag.al\/index.php\/wp-json\/wp\/v2\/comments?post=616154"}],"version-history":[{"count":0,"href":"https:\/\/www.hashtag.al\/index.php\/wp-json\/wp\/v2\/posts\/616154\/revisions"}],"wp:featuredmedia":[{"embeddable":true,"href":"https:\/\/www.hashtag.al\/index.php\/wp-json\/wp\/v2\/media\/616155"}],"wp:attachment":[{"href":"https:\/\/www.hashtag.al\/index.php\/wp-json\/wp\/v2\/media?parent=616154"}],"wp:term":[{"taxonomy":"category","embeddable":true,"href":"https:\/\/www.hashtag.al\/index.php\/wp-json\/wp\/v2\/categories?post=616154"},{"taxonomy":"post_tag","embeddable":true,"href":"https:\/\/www.hashtag.al\/index.php\/wp-json\/wp\/v2\/tags?post=616154"}],"curies":[{"name":"wp","href":"https:\/\/api.w.org\/{rel}","templated":true}]}}