{"id":615931,"date":"2023-09-12T15:37:28","date_gmt":"2023-09-12T13:37:28","guid":{"rendered":"https:\/\/www.hashtag.al\/?p=615931"},"modified":"2023-09-12T15:37:28","modified_gmt":"2023-09-12T13:37:28","slug":"be-takimet-e-diplomateve-evropiane-me-kurtin-dhe-vucic-nisin-te-enjten-ne-mengjes","status":"publish","type":"post","link":"https:\/\/www.hashtag.al\/index.php\/2023\/09\/12\/be-takimet-e-diplomateve-evropiane-me-kurtin-dhe-vucic-nisin-te-enjten-ne-mengjes\/","title":{"rendered":"BE: Takimet e diplomat\u00ebve evropian\u00eb me Kurtin dhe Vu\u00e7i\u00e7 nisin t\u00eb enjten n\u00eb m\u00ebngjes","gt_translate_keys":[{"key":"rendered","format":"text"}]},"content":{"rendered":"<p><span style=\"color: #000000;\"><a href=\"https:\/\/www.hashtag.al\/wp-content\/uploads\/2023\/09\/1694519659_albinkurtikosoveserbialeksandarvui.jpg\"><img loading=\"lazy\" decoding=\"async\" class=\"aligncenter size-full wp-image-615932\" src=\"https:\/\/www.hashtag.al\/wp-content\/uploads\/2023\/09\/1694519659_albinkurtikosoveserbialeksandarvui.jpg\" alt=\"\" width=\"780\" height=\"440\" srcset=\"https:\/\/www.hashtag.al\/wp-content\/uploads\/2023\/09\/1694519659_albinkurtikosoveserbialeksandarvui.jpg 780w, https:\/\/www.hashtag.al\/wp-content\/uploads\/2023\/09\/1694519659_albinkurtikosoveserbialeksandarvui-300x169.jpg 300w, https:\/\/www.hashtag.al\/wp-content\/uploads\/2023\/09\/1694519659_albinkurtikosoveserbialeksandarvui-768x433.jpg 768w\" sizes=\"auto, (max-width: 780px) 100vw, 780px\" \/><\/a><\/span><\/p>\n<p><span style=\"color: #000000;\">Bashkimi Evropian ka b\u00ebr\u00eb t\u00eb ditur se takimet e diplomat\u00ebve evropian\u00eb me kryeministrin e Kosov\u00ebs, Albin Kurti dhe presidentin serb, Aleksandar Vu\u00e7iq, do t\u00eb nisin t\u00eb enjten n\u00eb or\u00ebn 09:00.<\/span><\/p>\n<p><span style=\"color: #000000;\">Diplomat\u00ebt fillimisht takohen ndaras me lider\u00ebt e dy vendeve, e m\u00eb von\u00eb pritet t\u00eb mbahet nj\u00eb takim trepal\u00ebsh, mes Kurtit, Vu\u00e7i\u00e7it dhe kryediplomatit t\u00eb BE-s\u00eb, Josep Borell dhe t\u00eb d\u00ebrguarit t\u00eb BE-s\u00eb p\u00ebr dialogun, Mirosllav Laj\u00e7ak.<\/span><\/p>\n<p><span style=\"color: #000000;\">Takimi i 14 shtatorit mes Kurtit dhe Vu\u00e7i\u00e7it \u00ebsht\u00eb i pari prej kur jan\u00eb rritur tensionet n\u00eb veri t\u00eb Kosov\u00ebs. Hera e fundit kur dy lider\u00ebt jan\u00eb takuar n\u00eb Bruksel, n\u00eb kuad\u00ebr t\u00eb dialogut, ka qen\u00eb 2 maji.<\/span><\/p>\n<p><span style=\"color: #000000;\">Nj\u00eb dit\u00eb m\u00eb par\u00eb, Kurti ka th\u00ebn\u00eb se ka biseduar lidhur me takimin s\u00eb enjtes, me t\u00eb d\u00ebrguarin amerikan p\u00ebr Ballkanin Per\u00ebndimor, Gabriel Escobar.<\/span><\/p>\n<p><span style=\"color: #000000;\"><em>\u201cKryeministri Kurti shprehu gatishm\u00ebrin\u00eb e tij p\u00ebr t\u2019u angazhuar aktivisht n\u00eb takimin e nivelit t\u00eb lart\u00eb politik t\u00eb s\u00eb enjtes n\u00eb Bruksel, teksa falenderoi Shtetet e Bashkuara t\u00eb Amerik\u00ebs p\u00ebr ndihm\u00ebn dhe mb\u00ebshtetjen e vazhdueshme p\u00ebr Kosov\u00ebn<\/em>\u201d, \u00ebsht\u00eb th\u00ebn\u00eb n\u00eb njoftimin p\u00ebr media.<\/span><\/p>\n<p><span style=\"color: #000000;\">P\u00ebrkushtim n\u00eb dialog ka k\u00ebrkuar edhe Gjermania. Ambasadori gjerman n\u00eb Kosov\u00eb, Jorn Rohde, ka th\u00ebn\u00eb m\u00eb 11 shtator se rundi i 14 shtatorit zhvillohet n\u00eb nj\u00eb \u201cmoment kritik\u201d.<\/span><\/p>\n<p><span style=\"color: #000000;\"><em>\u201cNa duhet p\u00ebrkushtimi i plot\u00eb i t\u00eb dyja pal\u00ebve p\u00ebr shtensionim t\u00eb plot\u00eb, p\u00ebr dialogun e nd\u00ebrmjet\u00ebsuar nga BE-ja dhe p\u00ebr nj\u00eb demokraci pjes\u00ebmarr\u00ebse. Marr\u00ebveshja e Ohrit duhet t\u00eb zbatohet tani. Nuk duhet t\u00eb ket\u00eb m\u00eb loj\u00ebra p\u00ebr t\u00eb faj\u00ebsuar t\u00eb tjer\u00ebt. Hiqni pengesat p\u00ebr p\u00ebrparim. \u00cbsht\u00eb koha t\u00eb veprohet n\u00eb t\u00eb mir\u00eb t\u00eb t\u00eb gjith\u00ebve<\/em>\u201d, ka shkruar ai n\u00eb X, q\u00eb m\u00eb her\u00ebt njihej si Twitter.<\/span><\/p>\n<p><span style=\"color: #000000;\">Kosova dhe Serbia kan\u00eb arritur pajtueshm\u00ebri n\u00eb shkurt p\u00ebr at\u00eb q\u00eb njihet si Marr\u00ebveshje drejt normalizimit t\u00eb marr\u00ebdh\u00ebnieve me dy vendeve.<\/span><\/p>\n<p><span style=\"color: #000000;\">M\u00eb pas, n\u00eb mars n\u00eb Oh\u00ebr, pal\u00ebt jan\u00eb pajtuar p\u00ebr aneksin e zbatimit t\u00eb Marr\u00ebveshjes Baz\u00eb. Marr\u00ebveshja prej 11 nenesh nuk p\u00ebrfshin njohjen reciproke p\u00ebr t\u00eb cil\u00ebn insiston Kosova, por k\u00ebrkon nga Kosova dhe Serbia q\u00eb t\u2019i pranojn\u00eb dokumentet dhe simbolet e nj\u00ebra-tjetr\u00ebs, p\u00ebrfshir\u00eb: pasaportat, diplomat dhe targat.<\/span><\/p>\n<p><span style=\"color: #000000;\">Kosova dhe Serbia jan\u00eb pjes\u00eb e dialogut t\u00eb nd\u00ebrmjet\u00ebsuar nga BE-ja, p\u00ebr normalizim t\u00eb raporteve, prej vitit 2011. Pal\u00ebt kan\u00eb n\u00ebnshkruar nj\u00eb mori marr\u00ebveshjesh, por jo t\u00eb gjitha jan\u00eb zbatuar.\/<span style=\"color: #0000ff;\"><a style=\"color: #0000ff;\" href=\"https:\/\/www.evropaelire.org\/a\/takimet-ne-kuader-te-dialogut-nisin-te-enjten-ne-mengjes\/32589380.html\">REL<\/a><\/span><\/span><\/p>\n","protected":false,"gt_translate_keys":[{"key":"rendered","format":"html"}]},"excerpt":{"rendered":"<p>Bashkimi Evropian ka b\u00ebr\u00eb t\u00eb ditur se takimet e diplomat\u00ebve evropian\u00eb me kryeministrin e Kosov\u00ebs, Albin Kurti dhe presidentin serb, Aleksandar Vu\u00e7iq, do t\u00eb nisin t\u00eb enjten n\u00eb or\u00ebn 09:00. Diplomat\u00ebt fillimisht takohen ndaras me lider\u00ebt e dy vendeve, e m\u00eb von\u00eb pritet t\u00eb mbahet nj\u00eb takim trepal\u00ebsh, mes Kurtit, Vu\u00e7i\u00e7it dhe kryediplomatit t\u00eb BE-s\u00eb, [&hellip;]<\/p>\n","protected":false,"gt_translate_keys":[{"key":"rendered","format":"html"}]},"author":30,"featured_media":615932,"comment_status":"closed","ping_status":"closed","sticky":false,"template":"","format":"standard","meta":{"footnotes":""},"categories":[149],"tags":[],"class_list":["post-615931","post","type-post","status-publish","format-standard","has-post-thumbnail","hentry","category-kosoverajon"],"gt_translate_keys":[{"key":"link","format":"url"}],"_links":{"self":[{"href":"https:\/\/www.hashtag.al\/index.php\/wp-json\/wp\/v2\/posts\/615931","targetHints":{"allow":["GET"]}}],"collection":[{"href":"https:\/\/www.hashtag.al\/index.php\/wp-json\/wp\/v2\/posts"}],"about":[{"href":"https:\/\/www.hashtag.al\/index.php\/wp-json\/wp\/v2\/types\/post"}],"author":[{"embeddable":true,"href":"https:\/\/www.hashtag.al\/index.php\/wp-json\/wp\/v2\/users\/30"}],"replies":[{"embeddable":true,"href":"https:\/\/www.hashtag.al\/index.php\/wp-json\/wp\/v2\/comments?post=615931"}],"version-history":[{"count":0,"href":"https:\/\/www.hashtag.al\/index.php\/wp-json\/wp\/v2\/posts\/615931\/revisions"}],"wp:featuredmedia":[{"embeddable":true,"href":"https:\/\/www.hashtag.al\/index.php\/wp-json\/wp\/v2\/media\/615932"}],"wp:attachment":[{"href":"https:\/\/www.hashtag.al\/index.php\/wp-json\/wp\/v2\/media?parent=615931"}],"wp:term":[{"taxonomy":"category","embeddable":true,"href":"https:\/\/www.hashtag.al\/index.php\/wp-json\/wp\/v2\/categories?post=615931"},{"taxonomy":"post_tag","embeddable":true,"href":"https:\/\/www.hashtag.al\/index.php\/wp-json\/wp\/v2\/tags?post=615931"}],"curies":[{"name":"wp","href":"https:\/\/api.w.org\/{rel}","templated":true}]}}