{"id":615868,"date":"2023-09-12T10:45:18","date_gmt":"2023-09-12T08:45:18","guid":{"rendered":"https:\/\/www.hashtag.al\/?p=615868"},"modified":"2023-09-12T10:45:18","modified_gmt":"2023-09-12T08:45:18","slug":"25-vjet-nga-vrasja-ceremoni-ne-nderim-te-azem-hajdarit","status":"publish","type":"post","link":"https:\/\/www.hashtag.al\/index.php\/2023\/09\/12\/25-vjet-nga-vrasja-ceremoni-ne-nderim-te-azem-hajdarit\/","title":{"rendered":"25 vjet nga vrasja, ceremoni n\u00eb nderim t\u00eb Azem Hajdarit","gt_translate_keys":[{"key":"rendered","format":"text"}]},"content":{"rendered":"<p><img loading=\"lazy\" decoding=\"async\" class=\"aligncenter size-full wp-image-615870\" src=\"https:\/\/www.hashtag.al\/wp-content\/uploads\/2023\/09\/WhatsApp-Image-2023-09-12-at-10.10.07-1.jpeg\" alt=\"\" width=\"824\" height=\"404\" srcset=\"https:\/\/www.hashtag.al\/wp-content\/uploads\/2023\/09\/WhatsApp-Image-2023-09-12-at-10.10.07-1.jpeg 824w, https:\/\/www.hashtag.al\/wp-content\/uploads\/2023\/09\/WhatsApp-Image-2023-09-12-at-10.10.07-1-300x147.jpeg 300w, https:\/\/www.hashtag.al\/wp-content\/uploads\/2023\/09\/WhatsApp-Image-2023-09-12-at-10.10.07-1-768x377.jpeg 768w\" sizes=\"auto, (max-width: 824px) 100vw, 824px\" \/><\/p>\n<p><span style=\"color: #000000;\">Rithemelimi i PD-s\u00eb ka organizuar nj\u00eb ceremoni n\u00eb p\u00ebrkujtim t\u00eb ish-liderit t\u00eb dhjetorit Azem Hajdari, n\u00eb 25-vjetorin e vrasjes. <\/span><\/p>\n<p><span style=\"color: #000000;\">Ceremonia \u00ebsht\u00eb zhvilluar te \u2018Varrezat e D\u00ebshmor\u00ebve\u2019. N\u00eb ceremoni kan\u00eb marr\u00eb pjes\u00eb familjar\u00ebt, t\u00eb af\u00ebrmit e miqt\u00eb e Hajdarit.<\/span><\/p>\n<p><span style=\"color: #000000;\"> M\u00eb pas personat e pranish\u00ebm do zhvendosen te memoriali kushtuar Azem Hajdarit e truproj\u00ebs s\u00eb tij Besim \u00c7era, t\u00eb cil\u00ebt u vran\u00eb mbr\u00ebmjen e 12 shtatorit 1998.<\/span><\/p>\n","protected":false,"gt_translate_keys":[{"key":"rendered","format":"html"}]},"excerpt":{"rendered":"<p>Rithemelimi i PD-s\u00eb ka organizuar nj\u00eb ceremoni n\u00eb p\u00ebrkujtim t\u00eb ish-liderit t\u00eb dhjetorit Azem Hajdari, n\u00eb 25-vjetorin e vrasjes. Ceremonia \u00ebsht\u00eb zhvilluar te \u2018Varrezat e D\u00ebshmor\u00ebve\u2019. N\u00eb ceremoni kan\u00eb marr\u00eb pjes\u00eb familjar\u00ebt, t\u00eb af\u00ebrmit e miqt\u00eb e Hajdarit. M\u00eb pas personat e pranish\u00ebm do zhvendosen te memoriali kushtuar Azem Hajdarit e truproj\u00ebs s\u00eb tij Besim [&hellip;]<\/p>\n","protected":false,"gt_translate_keys":[{"key":"rendered","format":"html"}]},"author":51,"featured_media":615870,"comment_status":"closed","ping_status":"closed","sticky":false,"template":"","format":"standard","meta":{"footnotes":""},"categories":[65],"tags":[],"class_list":["post-615868","post","type-post","status-publish","format-standard","has-post-thumbnail","hentry","category-lajme"],"gt_translate_keys":[{"key":"link","format":"url"}],"_links":{"self":[{"href":"https:\/\/www.hashtag.al\/index.php\/wp-json\/wp\/v2\/posts\/615868","targetHints":{"allow":["GET"]}}],"collection":[{"href":"https:\/\/www.hashtag.al\/index.php\/wp-json\/wp\/v2\/posts"}],"about":[{"href":"https:\/\/www.hashtag.al\/index.php\/wp-json\/wp\/v2\/types\/post"}],"author":[{"embeddable":true,"href":"https:\/\/www.hashtag.al\/index.php\/wp-json\/wp\/v2\/users\/51"}],"replies":[{"embeddable":true,"href":"https:\/\/www.hashtag.al\/index.php\/wp-json\/wp\/v2\/comments?post=615868"}],"version-history":[{"count":0,"href":"https:\/\/www.hashtag.al\/index.php\/wp-json\/wp\/v2\/posts\/615868\/revisions"}],"wp:featuredmedia":[{"embeddable":true,"href":"https:\/\/www.hashtag.al\/index.php\/wp-json\/wp\/v2\/media\/615870"}],"wp:attachment":[{"href":"https:\/\/www.hashtag.al\/index.php\/wp-json\/wp\/v2\/media?parent=615868"}],"wp:term":[{"taxonomy":"category","embeddable":true,"href":"https:\/\/www.hashtag.al\/index.php\/wp-json\/wp\/v2\/categories?post=615868"},{"taxonomy":"post_tag","embeddable":true,"href":"https:\/\/www.hashtag.al\/index.php\/wp-json\/wp\/v2\/tags?post=615868"}],"curies":[{"name":"wp","href":"https:\/\/api.w.org\/{rel}","templated":true}]}}