{"id":615811,"date":"2023-09-12T07:58:06","date_gmt":"2023-09-12T05:58:06","guid":{"rendered":"https:\/\/www.hashtag.al\/?p=615811"},"modified":"2023-09-12T08:31:12","modified_gmt":"2023-09-12T06:31:12","slug":"moska-duhet-te-pezulloje-marredheniet-diplomatike-me-be-ne-medvedev","status":"publish","type":"post","link":"https:\/\/www.hashtag.al\/index.php\/2023\/09\/12\/moska-duhet-te-pezulloje-marredheniet-diplomatike-me-be-ne-medvedev\/","title":{"rendered":"Moska duhet t\u00eb pezulloj\u00eb marr\u00ebdh\u00ebniet diplomatike me BE-n\u00eb &#8211; Medvedev","gt_translate_keys":[{"key":"rendered","format":"text"}]},"content":{"rendered":"<p><span style=\"color: #000000;\"><img loading=\"lazy\" decoding=\"async\" class=\"aligncenter wp-image-557997 size-full\" src=\"https:\/\/www.hashtag.al\/wp-content\/uploads\/2022\/10\/Medvedev.jpg\" alt=\"\" width=\"1020\" height=\"649\" srcset=\"https:\/\/www.hashtag.al\/wp-content\/uploads\/2022\/10\/Medvedev.jpg 1020w, https:\/\/www.hashtag.al\/wp-content\/uploads\/2022\/10\/Medvedev-300x191.jpg 300w, https:\/\/www.hashtag.al\/wp-content\/uploads\/2022\/10\/Medvedev-768x489.jpg 768w\" sizes=\"auto, (max-width: 1020px) 100vw, 1020px\" \/><\/span><\/p>\n<p><span style=\"color: #000000;\">Rregullat e BE-s\u00eb q\u00eb ndalojn\u00eb shtetasit rus\u00eb t\u00eb sjellin makina personale dhe telefona inteligjent\u00eb n\u00eb bllok jan\u00eb plot\u00ebsisht fyese dhe degraduese, ka k\u00ebmb\u00ebngulur ish-presidenti rus Dmitry Medvedev. Ai i k\u00ebrkoi Mosk\u00ebs t\u00eb pezulloj\u00eb marr\u00ebdh\u00ebniet diplomatike me bllokun.<\/span><\/p>\n<p><span style=\"color: #000000;\">N\u00eb nj\u00eb deklarat\u00eb n\u00eb Telegram t\u00eb h\u00ebn\u00ebn, Medvedev, i cili \u00ebsht\u00eb z\u00ebvend\u00ebskryetar i K\u00ebshillit t\u00eb Sigurimit Rus, tha se kufizimet gjith\u00ebp\u00ebrfshir\u00ebse nuk ishin nj\u00eb nd\u00ebshkim p\u00ebr qeverin\u00eb n\u00eb Mosk\u00eb, por p\u00ebrkundrazi \u2018nj\u00eb p\u00ebshtym\u00eb e v\u00ebrtet\u00eb n\u00eb fytyr\u00ebn e \u00e7do qytetari t\u00eb vet\u00ebm rus\u2019.<\/span><\/p>\n<p><span style=\"color: #000000;\">Sa i p\u00ebrket hakmarrjes s\u00eb mundshme, Medvedev p\u00ebrjashtoi nj\u00eb p\u00ebrgjigje simetrike ndaj qytetar\u00ebve t\u00eb BE-s\u00eb.<\/span><\/p>\n<p><span style=\"color: #000000;\"><em>\u201cNdryshe nga shum\u00eb lider\u00eb komb\u00ebtar\u00eb, t\u00eb af\u00ebrmit e t\u00eb cil\u00ebve punonin n\u00eb SS naziste, ne nuk jemi racist\u00eb,\u201d<\/em> tha ai, duke shtuar se t\u00eb huajt q\u00eb vizitojn\u00eb Rusin\u00eb priren ta duan vendin.<\/span><\/p>\n<p><span style=\"color: #000000;\"><em>\u201cDo t\u00eb ishte m\u00eb mir\u00eb q\u00eb thjesht t\u00eb pezulloheshin p\u00ebrkoh\u00ebsisht marr\u00ebdh\u00ebniet diplomatike me BE-n\u00eb.\u201d<\/em> &#8211; sugjeroi ish-presidenti. V\u00ebrejtjet e Medvedev erdh\u00ebn si p\u00ebrgjigje ndaj masave t\u00eb fundit n\u00eb vendet e BE-s\u00eb sipas t\u00eb cilave shtetasit rus\u00eb nuk lejohen t\u00eb sjellin nj\u00eb gam\u00eb t\u00eb gjer\u00eb mallrash, duke p\u00ebrfshir\u00eb t\u00eb gjitha llojet e telefonave, sapunin dhe madje edhe letr\u00ebn higjienike.<\/span><\/p>\n<p><span style=\"color: #000000;\">Shtetasve rus\u00eb gjithashtu u ndalohet t\u00eb sjellin makina pavar\u00ebsisht n\u00ebse p\u00ebrdorimi i automjeteve \u00ebsht\u00eb privat apo komercial.<\/span><\/p>\n<p><span style=\"color: #000000;\">Megjithat\u00eb, t\u00eb h\u00ebn\u00ebn, z\u00ebdh\u00ebn\u00ebsi i Komisionit Evropian Daniel Sheridan Ferrie sinjalizoi se sanksionet nuk n\u00ebnkuptojn\u00eb domosdoshm\u00ebrisht se rus\u00ebve do t&#8217;u hiqen sendet e tyre personale t\u00eb listuara n\u00eb dokument, duke shpjeguar se nj\u00eb turist q\u00eb vjen n\u00eb BE me artikuj t\u00eb list\u00ebs s\u00eb zez\u00eb nuk po p\u00ebrpiqet domosdoshm\u00ebrisht t\u00eb anashkaloj\u00eb sanksionet.<\/span><\/p>\n","protected":false,"gt_translate_keys":[{"key":"rendered","format":"html"}]},"excerpt":{"rendered":"<p>Rregullat e BE-s\u00eb q\u00eb ndalojn\u00eb shtetasit rus\u00eb t\u00eb sjellin makina personale dhe telefona inteligjent\u00eb n\u00eb bllok jan\u00eb plot\u00ebsisht fyese dhe degraduese, ka k\u00ebmb\u00ebngulur ish-presidenti rus Dmitry Medvedev. Ai i k\u00ebrkoi Mosk\u00ebs t\u00eb pezulloj\u00eb marr\u00ebdh\u00ebniet diplomatike me bllokun. N\u00eb nj\u00eb deklarat\u00eb n\u00eb Telegram t\u00eb h\u00ebn\u00ebn, Medvedev, i cili \u00ebsht\u00eb z\u00ebvend\u00ebskryetar i K\u00ebshillit t\u00eb Sigurimit Rus, tha [&hellip;]<\/p>\n","protected":false,"gt_translate_keys":[{"key":"rendered","format":"html"}]},"author":51,"featured_media":557997,"comment_status":"closed","ping_status":"closed","sticky":false,"template":"","format":"standard","meta":{"footnotes":""},"categories":[53],"tags":[],"class_list":["post-615811","post","type-post","status-publish","format-standard","has-post-thumbnail","hentry","category-fast-foodi"],"gt_translate_keys":[{"key":"link","format":"url"}],"_links":{"self":[{"href":"https:\/\/www.hashtag.al\/index.php\/wp-json\/wp\/v2\/posts\/615811","targetHints":{"allow":["GET"]}}],"collection":[{"href":"https:\/\/www.hashtag.al\/index.php\/wp-json\/wp\/v2\/posts"}],"about":[{"href":"https:\/\/www.hashtag.al\/index.php\/wp-json\/wp\/v2\/types\/post"}],"author":[{"embeddable":true,"href":"https:\/\/www.hashtag.al\/index.php\/wp-json\/wp\/v2\/users\/51"}],"replies":[{"embeddable":true,"href":"https:\/\/www.hashtag.al\/index.php\/wp-json\/wp\/v2\/comments?post=615811"}],"version-history":[{"count":0,"href":"https:\/\/www.hashtag.al\/index.php\/wp-json\/wp\/v2\/posts\/615811\/revisions"}],"wp:featuredmedia":[{"embeddable":true,"href":"https:\/\/www.hashtag.al\/index.php\/wp-json\/wp\/v2\/media\/557997"}],"wp:attachment":[{"href":"https:\/\/www.hashtag.al\/index.php\/wp-json\/wp\/v2\/media?parent=615811"}],"wp:term":[{"taxonomy":"category","embeddable":true,"href":"https:\/\/www.hashtag.al\/index.php\/wp-json\/wp\/v2\/categories?post=615811"},{"taxonomy":"post_tag","embeddable":true,"href":"https:\/\/www.hashtag.al\/index.php\/wp-json\/wp\/v2\/tags?post=615811"}],"curies":[{"name":"wp","href":"https:\/\/api.w.org\/{rel}","templated":true}]}}