{"id":615136,"date":"2023-09-07T21:57:32","date_gmt":"2023-09-07T19:57:32","guid":{"rendered":"https:\/\/www.hashtag.al\/?p=615136"},"modified":"2023-09-07T21:57:32","modified_gmt":"2023-09-07T19:57:32","slug":"berisha-nese-fitoj-zgjedhjet-do-kete-nje-vote-te-dyte-per-kryeminister","status":"publish","type":"post","link":"https:\/\/www.hashtag.al\/index.php\/2023\/09\/07\/berisha-nese-fitoj-zgjedhjet-do-kete-nje-vote-te-dyte-per-kryeminister\/","title":{"rendered":"Berisha: N\u00ebse fitoj zgjedhjet do ket\u00eb nj\u00eb vot\u00eb t\u00eb dyt\u00eb p\u00ebr kryeminist\u00ebr","gt_translate_keys":[{"key":"rendered","format":"text"}]},"content":{"rendered":"<p><span style=\"color: #000000;\"><a style=\"color: #000000;\" href=\"https:\/\/www.hashtag.al\/wp-content\/uploads\/2023\/09\/berisha.png\"><img loading=\"lazy\" decoding=\"async\" class=\"aligncenter size-full wp-image-615137\" src=\"https:\/\/www.hashtag.al\/wp-content\/uploads\/2023\/09\/berisha.png\" alt=\"\" width=\"1038\" height=\"452\" srcset=\"https:\/\/www.hashtag.al\/wp-content\/uploads\/2023\/09\/berisha.png 1038w, https:\/\/www.hashtag.al\/wp-content\/uploads\/2023\/09\/berisha-300x131.png 300w, https:\/\/www.hashtag.al\/wp-content\/uploads\/2023\/09\/berisha-1024x446.png 1024w, https:\/\/www.hashtag.al\/wp-content\/uploads\/2023\/09\/berisha-768x334.png 768w\" sizes=\"auto, (max-width: 1038px) 100vw, 1038px\" \/><\/a><\/span><\/p>\n<p><span style=\"color: #000000;\">Kreu i Partis\u00eb Demokratike t\u00eb Rithemelimit, Sali Berisha n\u00eb nj\u00eb intervist\u00eb p\u00ebr Syri TV tha se do ket\u00eb nj\u00eb vot\u00eb t\u00eb dyt\u00eb n\u00ebse qytetarit i japin shumic\u00ebn partis\u00eb s\u00eb tij p\u00ebr t\u00eb qeverisur vendin.<\/span><\/p>\n<p><span style=\"color: #000000;\">Berisha tha se n\u00ebse do vij\u00eb momenti do pyes\u00eb qytetar\u00ebt n\u00ebse do e votojn\u00eb edhe p\u00ebr kryeminist\u00ebr apo jo.<\/span><\/p>\n<p><span style=\"color: #000000;\">P\u00ebrgjigjja e Berish\u00ebs erdhi pasi ai u pyet n\u00ebse shpallja non grata nga SHBA dhe Britania mund t\u2019i krijoj\u00eb probleme me nd\u00ebrkomb\u00ebtar\u00ebt n\u00eb rast se zgjidhet kryeminist\u00ebr.<\/span><\/p>\n<p><span style=\"color: #000000;\">\u201c<em>Sali Berisha ka menduar k\u00ebt\u00eb, meqen\u00ebse ai problem ekziston at\u00ebher\u00eb shqiptar\u00ebt do t\u00eb votojn\u00eb. Kur Sali Berisha t\u00eb fitoj\u00eb zgjedhjet do t\u00eb ket\u00eb nj\u00eb vot\u00eb t\u00eb dyt\u00eb p\u00ebr kryeministrin. Po pse e nisi Sali Berisha k\u00ebt\u00eb rrug\u00eb? E nisi k\u00ebt\u00eb rrug\u00eb kur i k\u00ebrkuan ti diktojn\u00eb parlamentit t\u00eb k\u00ebtij vendi. Por parlamentin se diktojn\u00eb kush kurr\u00eb sa t\u00eb jet\u00eb nj\u00eb vend i lir\u00eb. Duke patur parasysh se ekziston ky problem un\u00eb do t\u00eb pyes qytetar\u00ebt shqiptar\u00eb, kaq. Dhe \u00ebsht\u00eb zgjidhja m\u00eb demokratike q\u00eb mund t\u00eb ekzistoj\u00eb<\/em>\u201d- deklaroi Berisha.<\/span><\/p>\n","protected":false,"gt_translate_keys":[{"key":"rendered","format":"html"}]},"excerpt":{"rendered":"<p>Kreu i Partis\u00eb Demokratike t\u00eb Rithemelimit, Sali Berisha n\u00eb nj\u00eb intervist\u00eb p\u00ebr Syri TV tha se do ket\u00eb nj\u00eb vot\u00eb t\u00eb dyt\u00eb n\u00ebse qytetarit i japin shumic\u00ebn partis\u00eb s\u00eb tij p\u00ebr t\u00eb qeverisur vendin. Berisha tha se n\u00ebse do vij\u00eb momenti do pyes\u00eb qytetar\u00ebt n\u00ebse do e votojn\u00eb edhe p\u00ebr kryeminist\u00ebr apo jo. P\u00ebrgjigjja e [&hellip;]<\/p>\n","protected":false,"gt_translate_keys":[{"key":"rendered","format":"html"}]},"author":32,"featured_media":615137,"comment_status":"closed","ping_status":"closed","sticky":false,"template":"","format":"standard","meta":{"footnotes":""},"categories":[65,13],"tags":[],"class_list":["post-615136","post","type-post","status-publish","format-standard","has-post-thumbnail","hentry","category-lajme","category-te-fundit"],"gt_translate_keys":[{"key":"link","format":"url"}],"_links":{"self":[{"href":"https:\/\/www.hashtag.al\/index.php\/wp-json\/wp\/v2\/posts\/615136","targetHints":{"allow":["GET"]}}],"collection":[{"href":"https:\/\/www.hashtag.al\/index.php\/wp-json\/wp\/v2\/posts"}],"about":[{"href":"https:\/\/www.hashtag.al\/index.php\/wp-json\/wp\/v2\/types\/post"}],"author":[{"embeddable":true,"href":"https:\/\/www.hashtag.al\/index.php\/wp-json\/wp\/v2\/users\/32"}],"replies":[{"embeddable":true,"href":"https:\/\/www.hashtag.al\/index.php\/wp-json\/wp\/v2\/comments?post=615136"}],"version-history":[{"count":0,"href":"https:\/\/www.hashtag.al\/index.php\/wp-json\/wp\/v2\/posts\/615136\/revisions"}],"wp:featuredmedia":[{"embeddable":true,"href":"https:\/\/www.hashtag.al\/index.php\/wp-json\/wp\/v2\/media\/615137"}],"wp:attachment":[{"href":"https:\/\/www.hashtag.al\/index.php\/wp-json\/wp\/v2\/media?parent=615136"}],"wp:term":[{"taxonomy":"category","embeddable":true,"href":"https:\/\/www.hashtag.al\/index.php\/wp-json\/wp\/v2\/categories?post=615136"},{"taxonomy":"post_tag","embeddable":true,"href":"https:\/\/www.hashtag.al\/index.php\/wp-json\/wp\/v2\/tags?post=615136"}],"curies":[{"name":"wp","href":"https:\/\/api.w.org\/{rel}","templated":true}]}}