{"id":615092,"date":"2023-09-07T16:04:44","date_gmt":"2023-09-07T14:04:44","guid":{"rendered":"https:\/\/www.hashtag.al\/?p=615092"},"modified":"2023-09-07T16:04:44","modified_gmt":"2023-09-07T14:04:44","slug":"arrestimi-i-behar-bajrit-spak-kerkese-ministrise-se-drejtesise-te-nisin-procedurat-per-ekstradimin-nga-franca","status":"publish","type":"post","link":"https:\/\/www.hashtag.al\/index.php\/2023\/09\/07\/arrestimi-i-behar-bajrit-spak-kerkese-ministrise-se-drejtesise-te-nisin-procedurat-per-ekstradimin-nga-franca\/","title":{"rendered":"Arrestimi i Behar Bajrit, SPAK k\u00ebrkes\u00eb Ministris\u00eb s\u00eb Drejt\u00ebsis\u00eb: T\u00eb nisin procedurat p\u00ebr ekstradimin nga Franca","gt_translate_keys":[{"key":"rendered","format":"text"}]},"content":{"rendered":"<p><span style=\"color: #000000;\"><a href=\"https:\/\/www.hashtag.al\/wp-content\/uploads\/2023\/09\/1694087630_Screenshot4.jpg\"><img loading=\"lazy\" decoding=\"async\" class=\"aligncenter size-full wp-image-615093\" src=\"https:\/\/www.hashtag.al\/wp-content\/uploads\/2023\/09\/1694087630_Screenshot4.jpg\" alt=\"\" width=\"780\" height=\"440\" srcset=\"https:\/\/www.hashtag.al\/wp-content\/uploads\/2023\/09\/1694087630_Screenshot4.jpg 780w, https:\/\/www.hashtag.al\/wp-content\/uploads\/2023\/09\/1694087630_Screenshot4-300x169.jpg 300w, https:\/\/www.hashtag.al\/wp-content\/uploads\/2023\/09\/1694087630_Screenshot4-768x433.jpg 768w\" sizes=\"auto, (max-width: 780px) 100vw, 780px\" \/><\/a><\/span><\/p>\n<p><span style=\"color: #000000;\">Prokuroria e Posa\u00e7me i ka k\u00ebrkuar k\u00ebt\u00eb t\u00eb enjte Ministris\u00eb s\u00eb Drejt\u00ebsis\u00eb q\u00eb t\u00eb nis procedurat p\u00ebr ekstradimin e Behar Bajrit nga Franca, i arrestuar t\u00eb h\u00ebn\u00ebn (4 shtator) n\u00eb nj\u00eb lokal n\u00eb Strasburg pasi ishte shpallur n\u00eb k\u00ebrkim n\u00eb muajin korrik p\u00ebr llogari t\u00eb dosjes \u201cMetamorfoza\u201d.<\/span><\/p>\n<p><span style=\"color: #000000;\"><span style=\"color: #0000ff;\"><a style=\"color: #0000ff;\" href=\"https:\/\/shqiptarja.com\/lajm\/arrestimi-i-behar-bajrit-spak-i-kerkon-ministrise-se-drejtesise-te-nisin-procedurat-per-ekstradimin-nga-franca?r=kh1\">Report Tv<\/a><\/span> m\u00ebson se SPAK i ka d\u00ebrguar Ministris\u00eb s\u00eb Drejt\u00ebsis\u00eb t\u00eb gjith\u00eb praktik\u00ebn n\u00eb lidhje me dosjen, n\u00eb t\u00eb cil\u00ebn p\u00ebrfshihen provat konkrete kund\u00ebr Bajrit dhe veprat penale p\u00ebr t\u00eb cilat ai akuzohet. Bashk\u00ebngjitur \u00ebsht\u00eb edhe vendimi i Gjykat\u00ebs s\u00eb Posa\u00e7me i arrestit me burg n\u00eb munges\u00eb p\u00ebr Bajrin.<\/span><\/p>\n<p><span style=\"color: #000000;\">Ministria, e cila ka p\u00ebr kompetenc\u00eb t\u00eb lidh kontaktet p\u00ebrmes let\u00ebrporosis\u00eb me autoritetet franceze ka 40 dit\u00eb koh\u00eb p\u00ebr t\u00eb p\u00ebrkthyer dhe kopsitur materialin q\u00eb m\u00eb pas t\u00eb niset drejt Parisit, afat q\u00eb nis me dit\u00ebn e arrestimit. Behar Bajri, i cili ka k\u00ebrkuar azil n\u00eb Franc\u00eb q\u00eb prej vitit 2021 pritet t\u00eb p\u00ebrdor\u00eb \u00e7do praktik\u00eb ligjore q\u00eb p\u00ebrfshin\u00eb t\u00eb drejtat e njeriut p\u00ebr t\u00eb kund\u00ebrshtuar ekstradimin e tij drejt Tiran\u00ebs dhe p\u00ebrballje me drejt\u00ebsin\u00eb p\u00ebr dosjen \u201cMetamorfoza\u201d. Megjithat\u00eb, do t\u00eb jen\u00eb gjykatat atje q\u00eb do t\u00eb japin fjal\u00ebn e fundit, proces q\u00eb mund t\u00eb zgjas deri n\u00eb disa muaj deri n\u00eb vendimin e fundit t\u00eb t\u00eb gjitha shkall\u00ebve.<\/span><\/p>\n<p><span style=\"color: #000000;\">Me k\u00ebt\u00eb rast, autoritetet shqiptare jan\u00eb optimiste p\u00ebr ekstradim pasi vet\u00eb Franca disa muaj m\u00eb par\u00eb, bashk\u00eb me Blegjik\u00ebn, i vun\u00eb n\u00eb dispozicion SPAK biseda t\u00eb Bajrit dhe 15 personave t\u00eb tjer\u00eb n\u00eb hetim, biseda t\u00eb dekoduara n\u00eb aplikacionin SkyECC, n\u00eb t\u00eb cilat tregohen qart\u00eb p\u00ebrgatitjet p\u00ebr vrasjen e Gjin Bori\u00e7it n\u00eb Vau Dej\u00ebs dhe tentativave p\u00ebr vrasje t\u00eb Kleanth Musabelliut, Dorian Dulit, Genc Tafilit apo Ibrahim Licit.<\/span><\/p>\n<p><span style=\"color: #000000;\">N\u00eb dosjen voluminoze jan\u00eb t\u00eb p\u00ebrfshir\u00eb edhe biznesmeni P\u00ebllumb Gjoka, ish-kreu i Operacionales Oltion Bistri dhe ish-prokurori Xhevahir Lita. Behar Bajri u arrestua t\u00eb h\u00ebn\u00ebn n\u00eb ambientet e nj\u00eb lokali, i vet\u00ebm. Ai nuk b\u00ebri rezistenc\u00eb dhe iu dor\u00ebzua pa kushte policis\u00eb franceze, e cila ishte njoftuar nga autoritetet shqiptare p\u00ebr lokalizimin.<\/span><\/p>\n","protected":false,"gt_translate_keys":[{"key":"rendered","format":"html"}]},"excerpt":{"rendered":"<p>Prokuroria e Posa\u00e7me i ka k\u00ebrkuar k\u00ebt\u00eb t\u00eb enjte Ministris\u00eb s\u00eb Drejt\u00ebsis\u00eb q\u00eb t\u00eb nis procedurat p\u00ebr ekstradimin e Behar Bajrit nga Franca, i arrestuar t\u00eb h\u00ebn\u00ebn (4 shtator) n\u00eb nj\u00eb lokal n\u00eb Strasburg pasi ishte shpallur n\u00eb k\u00ebrkim n\u00eb muajin korrik p\u00ebr llogari t\u00eb dosjes \u201cMetamorfoza\u201d. Report Tv m\u00ebson se SPAK i ka d\u00ebrguar [&hellip;]<\/p>\n","protected":false,"gt_translate_keys":[{"key":"rendered","format":"html"}]},"author":30,"featured_media":615093,"comment_status":"closed","ping_status":"closed","sticky":false,"template":"","format":"standard","meta":{"footnotes":""},"categories":[65],"tags":[],"class_list":["post-615092","post","type-post","status-publish","format-standard","has-post-thumbnail","hentry","category-lajme"],"gt_translate_keys":[{"key":"link","format":"url"}],"_links":{"self":[{"href":"https:\/\/www.hashtag.al\/index.php\/wp-json\/wp\/v2\/posts\/615092","targetHints":{"allow":["GET"]}}],"collection":[{"href":"https:\/\/www.hashtag.al\/index.php\/wp-json\/wp\/v2\/posts"}],"about":[{"href":"https:\/\/www.hashtag.al\/index.php\/wp-json\/wp\/v2\/types\/post"}],"author":[{"embeddable":true,"href":"https:\/\/www.hashtag.al\/index.php\/wp-json\/wp\/v2\/users\/30"}],"replies":[{"embeddable":true,"href":"https:\/\/www.hashtag.al\/index.php\/wp-json\/wp\/v2\/comments?post=615092"}],"version-history":[{"count":0,"href":"https:\/\/www.hashtag.al\/index.php\/wp-json\/wp\/v2\/posts\/615092\/revisions"}],"wp:featuredmedia":[{"embeddable":true,"href":"https:\/\/www.hashtag.al\/index.php\/wp-json\/wp\/v2\/media\/615093"}],"wp:attachment":[{"href":"https:\/\/www.hashtag.al\/index.php\/wp-json\/wp\/v2\/media?parent=615092"}],"wp:term":[{"taxonomy":"category","embeddable":true,"href":"https:\/\/www.hashtag.al\/index.php\/wp-json\/wp\/v2\/categories?post=615092"},{"taxonomy":"post_tag","embeddable":true,"href":"https:\/\/www.hashtag.al\/index.php\/wp-json\/wp\/v2\/tags?post=615092"}],"curies":[{"name":"wp","href":"https:\/\/api.w.org\/{rel}","templated":true}]}}