{"id":615075,"date":"2023-09-07T15:15:53","date_gmt":"2023-09-07T13:15:53","guid":{"rendered":"https:\/\/www.hashtag.al\/?p=615075"},"modified":"2023-09-07T15:15:53","modified_gmt":"2023-09-07T13:15:53","slug":"vizita-e-begajt-ne-kazakistan-takim-me-kryetarin-e-senatit-te-parlamentit","status":"publish","type":"post","link":"https:\/\/www.hashtag.al\/index.php\/2023\/09\/07\/vizita-e-begajt-ne-kazakistan-takim-me-kryetarin-e-senatit-te-parlamentit\/","title":{"rendered":"Vizita e Begajt n\u00eb Kazakistan, takim me kryetarin e Senatit t\u00eb Parlamentit","gt_translate_keys":[{"key":"rendered","format":"text"}]},"content":{"rendered":"<p><span style=\"color: #000000;\"><a href=\"https:\/\/www.hashtag.al\/wp-content\/uploads\/2023\/09\/Begaj-Kazakistan-6.jpeg\"><img loading=\"lazy\" decoding=\"async\" class=\"aligncenter size-full wp-image-615076\" src=\"https:\/\/www.hashtag.al\/wp-content\/uploads\/2023\/09\/Begaj-Kazakistan-6.jpeg\" alt=\"\" width=\"1024\" height=\"682\" srcset=\"https:\/\/www.hashtag.al\/wp-content\/uploads\/2023\/09\/Begaj-Kazakistan-6.jpeg 1024w, https:\/\/www.hashtag.al\/wp-content\/uploads\/2023\/09\/Begaj-Kazakistan-6-300x200.jpeg 300w, https:\/\/www.hashtag.al\/wp-content\/uploads\/2023\/09\/Begaj-Kazakistan-6-768x512.jpeg 768w\" sizes=\"auto, (max-width: 1024px) 100vw, 1024px\" \/><\/a><\/span><\/p>\n<p><span style=\"color: #000000;\">Presidenti i Republik\u00ebs, Bajram Begaj, gjat\u00eb vizit\u00ebs s\u00eb tij shtet\u00ebrore n\u00eb Kazakistan, ka zhvilluar nj\u00eb takim me Kryetarin e Senatit t\u00eb Republik\u00ebs s\u00eb Kazakistanit, Maulen Ashimbayev.<\/span><\/p>\n<p><span style=\"color: #000000;\">Presidenti Begaj dhe z. Ashimbayev fol\u00ebn p\u00ebr r\u00ebnd\u00ebsin\u00eb q\u00eb kan\u00eb marr\u00ebdh\u00ebniet parlamentare n\u00eb afrimin e m\u00ebtejsh\u00ebm t\u00eb dy vendeve.<\/span><\/p>\n<p><span style=\"color: #000000;\">Sipas Presidentit Begaj, ngritja e gam\u00ebs s\u00eb shk\u00ebmbimeve midis dy parlamenteve do t\u00eb mund\u00ebsonte t\u00eb dy vendet t\u00eb thellonin edhe m\u00eb tej bashk\u00ebpunimin n\u00eb fushat me interes t\u00eb nd\u00ebrsjell\u00eb.<\/span><\/p>\n","protected":false,"gt_translate_keys":[{"key":"rendered","format":"html"}]},"excerpt":{"rendered":"<p>Presidenti i Republik\u00ebs, Bajram Begaj, gjat\u00eb vizit\u00ebs s\u00eb tij shtet\u00ebrore n\u00eb Kazakistan, ka zhvilluar nj\u00eb takim me Kryetarin e Senatit t\u00eb Republik\u00ebs s\u00eb Kazakistanit, Maulen Ashimbayev. Presidenti Begaj dhe z. Ashimbayev fol\u00ebn p\u00ebr r\u00ebnd\u00ebsin\u00eb q\u00eb kan\u00eb marr\u00ebdh\u00ebniet parlamentare n\u00eb afrimin e m\u00ebtejsh\u00ebm t\u00eb dy vendeve. Sipas Presidentit Begaj, ngritja e gam\u00ebs s\u00eb shk\u00ebmbimeve midis dy [&hellip;]<\/p>\n","protected":false,"gt_translate_keys":[{"key":"rendered","format":"html"}]},"author":30,"featured_media":615076,"comment_status":"closed","ping_status":"closed","sticky":false,"template":"","format":"standard","meta":{"footnotes":""},"categories":[65],"tags":[],"class_list":["post-615075","post","type-post","status-publish","format-standard","has-post-thumbnail","hentry","category-lajme"],"gt_translate_keys":[{"key":"link","format":"url"}],"_links":{"self":[{"href":"https:\/\/www.hashtag.al\/index.php\/wp-json\/wp\/v2\/posts\/615075","targetHints":{"allow":["GET"]}}],"collection":[{"href":"https:\/\/www.hashtag.al\/index.php\/wp-json\/wp\/v2\/posts"}],"about":[{"href":"https:\/\/www.hashtag.al\/index.php\/wp-json\/wp\/v2\/types\/post"}],"author":[{"embeddable":true,"href":"https:\/\/www.hashtag.al\/index.php\/wp-json\/wp\/v2\/users\/30"}],"replies":[{"embeddable":true,"href":"https:\/\/www.hashtag.al\/index.php\/wp-json\/wp\/v2\/comments?post=615075"}],"version-history":[{"count":0,"href":"https:\/\/www.hashtag.al\/index.php\/wp-json\/wp\/v2\/posts\/615075\/revisions"}],"wp:featuredmedia":[{"embeddable":true,"href":"https:\/\/www.hashtag.al\/index.php\/wp-json\/wp\/v2\/media\/615076"}],"wp:attachment":[{"href":"https:\/\/www.hashtag.al\/index.php\/wp-json\/wp\/v2\/media?parent=615075"}],"wp:term":[{"taxonomy":"category","embeddable":true,"href":"https:\/\/www.hashtag.al\/index.php\/wp-json\/wp\/v2\/categories?post=615075"},{"taxonomy":"post_tag","embeddable":true,"href":"https:\/\/www.hashtag.al\/index.php\/wp-json\/wp\/v2\/tags?post=615075"}],"curies":[{"name":"wp","href":"https:\/\/api.w.org\/{rel}","templated":true}]}}