{"id":614657,"date":"2023-09-05T13:00:05","date_gmt":"2023-09-05T11:00:05","guid":{"rendered":"https:\/\/www.hashtag.al\/?p=614657"},"modified":"2023-09-05T13:00:05","modified_gmt":"2023-09-05T11:00:05","slug":"bardhi-te-ndertojme-axhende-te-perbashket-parlamentare-ndasite-nuk-duhet-te-na-shfokusojne-nga-pergjegjesia-qe-kemi-ndaj-demokrateve","status":"publish","type":"post","link":"https:\/\/www.hashtag.al\/index.php\/2023\/09\/05\/bardhi-te-ndertojme-axhende-te-perbashket-parlamentare-ndasite-nuk-duhet-te-na-shfokusojne-nga-pergjegjesia-qe-kemi-ndaj-demokrateve\/","title":{"rendered":"Bardhi: T\u00eb nd\u00ebrtojm\u00eb axhend\u00eb t\u00eb p\u00ebrbashk\u00ebt parlamentare, ndasit\u00eb nuk duhet t\u00eb na shfokusojn\u00eb nga p\u00ebrgjegj\u00ebsia q\u00eb kemi ndaj demokrat\u00ebve","gt_translate_keys":[{"key":"rendered","format":"text"}]},"content":{"rendered":"<p>&nbsp;<\/p>\n<p><span style=\"color: #000000;\"><a href=\"https:\/\/www.hashtag.al\/wp-content\/uploads\/2023\/09\/1693909263_bardhi.jpg\"><img loading=\"lazy\" decoding=\"async\" class=\"aligncenter size-full wp-image-614658\" src=\"https:\/\/www.hashtag.al\/wp-content\/uploads\/2023\/09\/1693909263_bardhi.jpg\" alt=\"\" width=\"780\" height=\"440\" srcset=\"https:\/\/www.hashtag.al\/wp-content\/uploads\/2023\/09\/1693909263_bardhi.jpg 780w, https:\/\/www.hashtag.al\/wp-content\/uploads\/2023\/09\/1693909263_bardhi-300x169.jpg 300w, https:\/\/www.hashtag.al\/wp-content\/uploads\/2023\/09\/1693909263_bardhi-768x433.jpg 768w\" sizes=\"auto, (max-width: 780px) 100vw, 780px\" \/><\/a><\/span><\/p>\n<p><span style=\"color: #000000;\">Gjat\u00eb fjal\u00ebs s\u00eb tij n\u00eb mbledhjen e thirrur sot me deputet\u00ebt e opozit\u00ebs, Gazment Bardhi b\u00ebri thirrje q\u00eb deputet\u00ebt duhet t\u00eb l\u00ebn\u00eb pas debatet e brendshme dhe t\u00eb dalin me axhend\u00eb t\u00eb p\u00ebrbashk\u00ebt parlamentare.<\/span><\/p>\n<p><span style=\"color: #000000;\">Bardhi tha se ndasit\u00eb n\u00eb q\u00ebndrime ve\u00e7an\u00ebrisht p\u00ebr \u00e7\u00ebshtje t\u00eb ndryshme, ve\u00e7an\u00ebrisht brenda PD nuk duhet t\u00eb shfokusojn\u00eb p\u00ebrgjegj\u00ebsin\u00eb ndaj qytetar\u00ebve dhe demokrat\u00ebve<\/span><\/p>\n<p><span style=\"color: #000000;\"><em>&#8220;Masakra zgjedhore dhe m\u00ebnyra se si Rama organizon zgjedhjet, jo t\u00eb gjitha fenomenet kriminale t\u00eb krijuara prej tij, nuk zgjidhen me reform\u00ebn zgjedhore. \u00c7do dit\u00eb kjo qeveri prodhon nga nj\u00eb skandal. Duhen ngritur komisione hetimore. Ky \u00ebsht\u00eb takimi i par\u00eb q\u00eb pas zgjedhjeve t\u00eb 25 prillit, duhet t\u00eb flasim p\u00ebr \u00e7\u00ebshtje q\u00eb na b\u00ebjn\u00eb bashk\u00eb. T\u00eb nd\u00ebrtojm\u00eb axhend\u00eb t\u00eb p\u00ebrbashk\u00ebt parlamentare gjejm\u00eb zgjidhje p\u00ebr probleme q\u00eb duken n\u00eb q\u00ebndrime t\u00eb kund\u00ebrta.<\/em><\/span><\/p>\n<p><span style=\"color: #000000;\"><em>Respektojm\u00eb q\u00ebndrime t\u00eb secilit koleg p\u00ebr \u00e7\u00ebshtje q\u00eb na kan\u00eb ndar\u00eb deri n\u00eb k\u00ebt\u00eb moment. Ndasit\u00eb n\u00eb q\u00ebndrime ve\u00e7an\u00ebrisht p\u00ebr \u00e7\u00ebshtje t\u00eb ndryshme, ve\u00e7an\u00ebrisht brenda PD nuk duhet t\u00eb na shfokusojn\u00eb nga p\u00ebrgjegj\u00ebsia q\u00eb kemi ndaj qytetar\u00ebve dhe demokrat\u00ebve.<\/em><\/span><\/p>\n<p><span style=\"color: #000000;\"><em>Duke ruajtur mendimin individual p\u00ebr zhvillimet apo debatet e brendshme, ndaj bindjen q\u00eb kjo nuk do t\u00eb na pengoj\u00eb q\u00eb sot t\u00eb unifikojm\u00eb nj\u00eb q\u00ebndrim t\u00eb aksionit ton\u00eb opozitar kund\u00ebr keqqeverisjes s\u00eb Ram\u00ebs duke dal\u00eb me axhend\u00eb t\u00eb p\u00ebrbashk\u00ebt parlamentare&#8221;,<\/em> tha Bardhi.<\/span><\/p>\n","protected":false,"gt_translate_keys":[{"key":"rendered","format":"html"}]},"excerpt":{"rendered":"<p>&nbsp; Gjat\u00eb fjal\u00ebs s\u00eb tij n\u00eb mbledhjen e thirrur sot me deputet\u00ebt e opozit\u00ebs, Gazment Bardhi b\u00ebri thirrje q\u00eb deputet\u00ebt duhet t\u00eb l\u00ebn\u00eb pas debatet e brendshme dhe t\u00eb dalin me axhend\u00eb t\u00eb p\u00ebrbashk\u00ebt parlamentare. Bardhi tha se ndasit\u00eb n\u00eb q\u00ebndrime ve\u00e7an\u00ebrisht p\u00ebr \u00e7\u00ebshtje t\u00eb ndryshme, ve\u00e7an\u00ebrisht brenda PD nuk duhet t\u00eb shfokusojn\u00eb p\u00ebrgjegj\u00ebsin\u00eb ndaj [&hellip;]<\/p>\n","protected":false,"gt_translate_keys":[{"key":"rendered","format":"html"}]},"author":30,"featured_media":614658,"comment_status":"closed","ping_status":"closed","sticky":false,"template":"","format":"standard","meta":{"footnotes":""},"categories":[65],"tags":[],"class_list":["post-614657","post","type-post","status-publish","format-standard","has-post-thumbnail","hentry","category-lajme"],"gt_translate_keys":[{"key":"link","format":"url"}],"_links":{"self":[{"href":"https:\/\/www.hashtag.al\/index.php\/wp-json\/wp\/v2\/posts\/614657","targetHints":{"allow":["GET"]}}],"collection":[{"href":"https:\/\/www.hashtag.al\/index.php\/wp-json\/wp\/v2\/posts"}],"about":[{"href":"https:\/\/www.hashtag.al\/index.php\/wp-json\/wp\/v2\/types\/post"}],"author":[{"embeddable":true,"href":"https:\/\/www.hashtag.al\/index.php\/wp-json\/wp\/v2\/users\/30"}],"replies":[{"embeddable":true,"href":"https:\/\/www.hashtag.al\/index.php\/wp-json\/wp\/v2\/comments?post=614657"}],"version-history":[{"count":0,"href":"https:\/\/www.hashtag.al\/index.php\/wp-json\/wp\/v2\/posts\/614657\/revisions"}],"wp:featuredmedia":[{"embeddable":true,"href":"https:\/\/www.hashtag.al\/index.php\/wp-json\/wp\/v2\/media\/614658"}],"wp:attachment":[{"href":"https:\/\/www.hashtag.al\/index.php\/wp-json\/wp\/v2\/media?parent=614657"}],"wp:term":[{"taxonomy":"category","embeddable":true,"href":"https:\/\/www.hashtag.al\/index.php\/wp-json\/wp\/v2\/categories?post=614657"},{"taxonomy":"post_tag","embeddable":true,"href":"https:\/\/www.hashtag.al\/index.php\/wp-json\/wp\/v2\/tags?post=614657"}],"curies":[{"name":"wp","href":"https:\/\/api.w.org\/{rel}","templated":true}]}}