{"id":614600,"date":"2023-09-05T10:03:59","date_gmt":"2023-09-05T08:03:59","guid":{"rendered":"https:\/\/www.hashtag.al\/?p=614600"},"modified":"2023-09-05T10:03:59","modified_gmt":"2023-09-05T08:03:59","slug":"kancelari-gjerman-zbulon-mavijosjen-e-syve","status":"publish","type":"post","link":"https:\/\/www.hashtag.al\/index.php\/2023\/09\/05\/kancelari-gjerman-zbulon-mavijosjen-e-syve\/","title":{"rendered":"Kancelari gjerman zbulon mavijosjen e syve","gt_translate_keys":[{"key":"rendered","format":"text"}]},"content":{"rendered":"<p><span style=\"color: #000000;\"><img loading=\"lazy\" decoding=\"async\" class=\"aligncenter size-full wp-image-614601\" src=\"https:\/\/www.hashtag.al\/wp-content\/uploads\/2023\/09\/scholz.jpg\" alt=\"\" width=\"768\" height=\"432\" srcset=\"https:\/\/www.hashtag.al\/wp-content\/uploads\/2023\/09\/scholz.jpg 768w, https:\/\/www.hashtag.al\/wp-content\/uploads\/2023\/09\/scholz-300x169.jpg 300w\" sizes=\"auto, (max-width: 768px) 100vw, 768px\" \/><\/span><\/p>\n<p><span style=\"color: #000000;\">Kancelari gjerman Olaf Scholz ka ndar\u00eb nj\u00eb pamje duke u tallur me veten pasi sipas tij \u00ebsht\u00eb rr\u00ebzuar dhe ka goditur fytyr\u00ebn e tij nd\u00ebrsa ishte duke vrapuar. L\u00ebndimi e detyroi at\u00eb t\u00eb anuloj\u00eb nj\u00eb paraqitje n\u00eb nj\u00eb event t\u00eb diel\u00ebn.<\/span><\/p>\n<p><span style=\"color: #000000;\">Fotoja, t\u00eb cil\u00ebn kancelari e postoi n\u00eb X (ish-Twitter) t\u00eb h\u00ebn\u00ebn, e tregon at\u00eb me mavijosje t\u00eb dukshme n\u00eb fytyr\u00eb dhe nj\u00eb njoll\u00eb n\u00eb sy. Ajo u shoq\u00ebrua nga nj\u00eb fjal\u00eb e urt\u00eb gjermane q\u00eb p\u00ebraf\u00ebrsisht p\u00ebrkthehet si \u2018e qeshura \u00ebsht\u00eb gjithmon\u00eb tek humb\u00ebsi\u2019.<\/span><\/p>\n<p><span style=\"color: #000000;\">Udh\u00ebheq\u00ebsi gjerman tha se ishte \u2018i emocionuar\u2019 kur shihte memet e tij me arn\u00ebn e syrit, duke shtuar se \u2018duket m\u00eb keq se sa \u00ebsht\u00eb\u2019 dhe duke fal\u00ebnderuar dashamir\u00ebsit.<\/span><\/p>\n<p><span style=\"color: #000000;\">T\u00eb shtun\u00ebn, nj\u00eb z\u00ebdh\u00ebn\u00ebs i qeveris\u00eb gjermane njoftoi se kancelari nuk do merrte pjes\u00eb n\u00eb nj\u00eb ngjarje zgjedhore rajonale n\u00eb qytetin e Heringen t\u00eb diel\u00ebn p\u00ebr shkak t\u00eb nj\u00eb fatkeq\u00ebsie sportive. Z\u00ebdh\u00ebn\u00ebsi nxitoi t\u00eb shtoj\u00eb se l\u00ebndimi nuk ishte i r\u00ebnd\u00eb dhe nuk do ndikonte n\u00eb planin e Scholz p\u00ebr k\u00ebt\u00eb jav\u00eb.<\/span><\/p>\n<p><span style=\"color: #000000;\">Michael Roth, nj\u00eb deputet socialdemokrat n\u00eb Bundestag dhe mik i vjet\u00ebr i Scholz, deklaroi se \u2018kancelari pati nj\u00eb aksident sportiv t\u00eb shtun\u00ebn, ai nuk po ndihet shum\u00eb mir\u00eb, p\u00ebr fat t\u00eb keq, t\u00eb gjitha ngjarjet duhet t\u00eb anulohen, vizita e tij n\u00eb Heringen gjithashtu\u2019.<\/span><\/p>\n<p><span style=\"color: #000000;\">Scholz do paraqitej n\u00eb nj\u00eb ngjarje t\u00eb dialogut qytetar, n\u00eb t\u00eb cil\u00ebn do merrnin pjes\u00eb 130 persona. Sipas raportimeve t\u00eb mediave, ishte Roth ai q\u00eb e kishte ftuar kancelarin n\u00eb Heringen.<\/span><\/p>\n<p><span style=\"color: #000000;\">Nd\u00ebrkoh\u00eb, t\u00eb mart\u00ebn, Scholz \u00ebsht\u00eb planifikuar t\u00eb mbaj\u00eb nj\u00eb fjalim n\u00eb ekspozit\u00ebn nd\u00ebrkomb\u00ebtare t\u00eb automobilave IAA Mobility n\u00eb Mynih. T\u00eb nes\u00ebrmen, ai do shkoj\u00eb n\u00eb Bundestag p\u00ebr nj\u00eb debat, me nj\u00eb udh\u00ebtim n\u00eb Nju Delhi, Indi p\u00ebr samitin e G20 t\u00eb planifikuar p\u00ebr t\u00eb premten.<\/span><\/p>\n","protected":false,"gt_translate_keys":[{"key":"rendered","format":"html"}]},"excerpt":{"rendered":"<p>Kancelari gjerman Olaf Scholz ka ndar\u00eb nj\u00eb pamje duke u tallur me veten pasi sipas tij \u00ebsht\u00eb rr\u00ebzuar dhe ka goditur fytyr\u00ebn e tij nd\u00ebrsa ishte duke vrapuar. L\u00ebndimi e detyroi at\u00eb t\u00eb anuloj\u00eb nj\u00eb paraqitje n\u00eb nj\u00eb event t\u00eb diel\u00ebn. Fotoja, t\u00eb cil\u00ebn kancelari e postoi n\u00eb X (ish-Twitter) t\u00eb h\u00ebn\u00ebn, e tregon at\u00eb [&hellip;]<\/p>\n","protected":false,"gt_translate_keys":[{"key":"rendered","format":"html"}]},"author":51,"featured_media":614601,"comment_status":"closed","ping_status":"closed","sticky":false,"template":"","format":"standard","meta":{"footnotes":""},"categories":[53],"tags":[],"class_list":["post-614600","post","type-post","status-publish","format-standard","has-post-thumbnail","hentry","category-fast-foodi"],"gt_translate_keys":[{"key":"link","format":"url"}],"_links":{"self":[{"href":"https:\/\/www.hashtag.al\/index.php\/wp-json\/wp\/v2\/posts\/614600","targetHints":{"allow":["GET"]}}],"collection":[{"href":"https:\/\/www.hashtag.al\/index.php\/wp-json\/wp\/v2\/posts"}],"about":[{"href":"https:\/\/www.hashtag.al\/index.php\/wp-json\/wp\/v2\/types\/post"}],"author":[{"embeddable":true,"href":"https:\/\/www.hashtag.al\/index.php\/wp-json\/wp\/v2\/users\/51"}],"replies":[{"embeddable":true,"href":"https:\/\/www.hashtag.al\/index.php\/wp-json\/wp\/v2\/comments?post=614600"}],"version-history":[{"count":0,"href":"https:\/\/www.hashtag.al\/index.php\/wp-json\/wp\/v2\/posts\/614600\/revisions"}],"wp:featuredmedia":[{"embeddable":true,"href":"https:\/\/www.hashtag.al\/index.php\/wp-json\/wp\/v2\/media\/614601"}],"wp:attachment":[{"href":"https:\/\/www.hashtag.al\/index.php\/wp-json\/wp\/v2\/media?parent=614600"}],"wp:term":[{"taxonomy":"category","embeddable":true,"href":"https:\/\/www.hashtag.al\/index.php\/wp-json\/wp\/v2\/categories?post=614600"},{"taxonomy":"post_tag","embeddable":true,"href":"https:\/\/www.hashtag.al\/index.php\/wp-json\/wp\/v2\/tags?post=614600"}],"curies":[{"name":"wp","href":"https:\/\/api.w.org\/{rel}","templated":true}]}}