{"id":614266,"date":"2023-09-03T15:06:12","date_gmt":"2023-09-03T13:06:12","guid":{"rendered":"https:\/\/www.hashtag.al\/?p=614266"},"modified":"2023-09-03T15:07:27","modified_gmt":"2023-09-03T13:07:27","slug":"publikohet-lista-e-re-e-anetareve-te-keshillit-te-pd-se-miratuar-diten-e-djeshme","status":"publish","type":"post","link":"https:\/\/www.hashtag.al\/index.php\/2023\/09\/03\/publikohet-lista-e-re-e-anetareve-te-keshillit-te-pd-se-miratuar-diten-e-djeshme\/","title":{"rendered":"Publikohet lista e re e an\u00ebtar\u00ebve t\u00eb K\u00ebshillit t\u00eb PD-s\u00eb miratuar dit\u00ebn e djeshme","gt_translate_keys":[{"key":"rendered","format":"text"}]},"content":{"rendered":"<p><span style=\"color: #000000;\"><a style=\"color: #000000;\" href=\"https:\/\/www.hashtag.al\/wp-content\/uploads\/2023\/09\/1693745114_kuvendiipd.jpg\"><img loading=\"lazy\" decoding=\"async\" class=\"aligncenter size-full wp-image-614267\" src=\"https:\/\/www.hashtag.al\/wp-content\/uploads\/2023\/09\/1693745114_kuvendiipd.jpg\" alt=\"\" width=\"780\" height=\"440\" srcset=\"https:\/\/www.hashtag.al\/wp-content\/uploads\/2023\/09\/1693745114_kuvendiipd.jpg 780w, https:\/\/www.hashtag.al\/wp-content\/uploads\/2023\/09\/1693745114_kuvendiipd-300x169.jpg 300w, https:\/\/www.hashtag.al\/wp-content\/uploads\/2023\/09\/1693745114_kuvendiipd-768x433.jpg 768w\" sizes=\"auto, (max-width: 780px) 100vw, 780px\" \/><\/a><\/span><\/p>\n<p>&nbsp;<\/p>\n<p><span style=\"color: #000000;\">Partia Demokratike ka publikuar list\u00ebn e re t\u00eb K\u00ebshillit Komb\u00ebtar, q\u00eb u miratua dit\u00ebn e djeshme n\u00eb Kuvend, e cila p\u00ebrb\u00ebhet nga rreth 328 an\u00ebtar\u00eb.<\/span><\/p>\n<p>&nbsp;<\/p>\n<p><span style=\"color: #000000;\"><img decoding=\"async\" src=\"https:\/\/www.balkanweb.com\/wp-content\/uploads\/2023\/09\/13.jpg\" alt=\"foto galeri \" \/><\/span><\/p>\n<p><span style=\"color: #000000;\"><img decoding=\"async\" src=\"https:\/\/www.balkanweb.com\/wp-content\/uploads\/2023\/09\/12.jpg\" alt=\"foto galeri \" \/><\/span><\/p>\n<p><span style=\"color: #000000;\"><img decoding=\"async\" src=\"https:\/\/www.balkanweb.com\/wp-content\/uploads\/2023\/09\/PD-1.jpg\" alt=\"foto galeri \" \/><\/span><\/p>\n","protected":false,"gt_translate_keys":[{"key":"rendered","format":"html"}]},"excerpt":{"rendered":"<p>&nbsp; Partia Demokratike ka publikuar list\u00ebn e re t\u00eb K\u00ebshillit Komb\u00ebtar, q\u00eb u miratua dit\u00ebn e djeshme n\u00eb Kuvend, e cila p\u00ebrb\u00ebhet nga rreth 328 an\u00ebtar\u00eb. &nbsp;<\/p>\n","protected":false,"gt_translate_keys":[{"key":"rendered","format":"html"}]},"author":30,"featured_media":614267,"comment_status":"closed","ping_status":"closed","sticky":false,"template":"","format":"standard","meta":{"footnotes":""},"categories":[65],"tags":[],"class_list":["post-614266","post","type-post","status-publish","format-standard","has-post-thumbnail","hentry","category-lajme"],"gt_translate_keys":[{"key":"link","format":"url"}],"_links":{"self":[{"href":"https:\/\/www.hashtag.al\/index.php\/wp-json\/wp\/v2\/posts\/614266","targetHints":{"allow":["GET"]}}],"collection":[{"href":"https:\/\/www.hashtag.al\/index.php\/wp-json\/wp\/v2\/posts"}],"about":[{"href":"https:\/\/www.hashtag.al\/index.php\/wp-json\/wp\/v2\/types\/post"}],"author":[{"embeddable":true,"href":"https:\/\/www.hashtag.al\/index.php\/wp-json\/wp\/v2\/users\/30"}],"replies":[{"embeddable":true,"href":"https:\/\/www.hashtag.al\/index.php\/wp-json\/wp\/v2\/comments?post=614266"}],"version-history":[{"count":0,"href":"https:\/\/www.hashtag.al\/index.php\/wp-json\/wp\/v2\/posts\/614266\/revisions"}],"wp:featuredmedia":[{"embeddable":true,"href":"https:\/\/www.hashtag.al\/index.php\/wp-json\/wp\/v2\/media\/614267"}],"wp:attachment":[{"href":"https:\/\/www.hashtag.al\/index.php\/wp-json\/wp\/v2\/media?parent=614266"}],"wp:term":[{"taxonomy":"category","embeddable":true,"href":"https:\/\/www.hashtag.al\/index.php\/wp-json\/wp\/v2\/categories?post=614266"},{"taxonomy":"post_tag","embeddable":true,"href":"https:\/\/www.hashtag.al\/index.php\/wp-json\/wp\/v2\/tags?post=614266"}],"curies":[{"name":"wp","href":"https:\/\/api.w.org\/{rel}","templated":true}]}}