{"id":614263,"date":"2023-09-03T14:41:04","date_gmt":"2023-09-03T12:41:04","guid":{"rendered":"https:\/\/www.hashtag.al\/?p=614263"},"modified":"2023-09-03T14:41:04","modified_gmt":"2023-09-03T12:41:04","slug":"udhetimet-nga-rinasi-rama-shqiperia-qendron-serish-ne-vendin-e-pare-me-nje-rritje-te-pabesueshme-prej-116","status":"publish","type":"post","link":"https:\/\/www.hashtag.al\/index.php\/2023\/09\/03\/udhetimet-nga-rinasi-rama-shqiperia-qendron-serish-ne-vendin-e-pare-me-nje-rritje-te-pabesueshme-prej-116\/","title":{"rendered":"Udh\u00ebtimet nga Rinasi\/ Rama: Shqip\u00ebria q\u00ebndron s\u00ebrish n\u00eb vendin e par\u00eb me nj\u00eb rritje t\u00eb pabesueshme prej 116%","gt_translate_keys":[{"key":"rendered","format":"text"}]},"content":{"rendered":"<p><span style=\"color: #000000;\"><a href=\"https:\/\/www.hashtag.al\/wp-content\/uploads\/2023\/09\/1693742761_Screenshot28.jpg\"><img loading=\"lazy\" decoding=\"async\" class=\"aligncenter size-full wp-image-614264\" src=\"https:\/\/www.hashtag.al\/wp-content\/uploads\/2023\/09\/1693742761_Screenshot28.jpg\" alt=\"\" width=\"780\" height=\"440\" srcset=\"https:\/\/www.hashtag.al\/wp-content\/uploads\/2023\/09\/1693742761_Screenshot28.jpg 780w, https:\/\/www.hashtag.al\/wp-content\/uploads\/2023\/09\/1693742761_Screenshot28-300x169.jpg 300w, https:\/\/www.hashtag.al\/wp-content\/uploads\/2023\/09\/1693742761_Screenshot28-768x433.jpg 768w\" sizes=\"auto, (max-width: 780px) 100vw, 780px\" \/><\/a><\/span><\/p>\n<p><span style=\"color: #000000;\">Kryeministri Edi Rama, p\u00ebrmes nj\u00eb postimi n\u00eb rrjetin social \u201cX\u201d, ka ndar\u00eb lajmin se tabela e korrikut t\u00eb K\u00ebshillit Nd\u00ebrkomb\u00ebtar t\u00eb Aeroporteve tregon se Shqip\u00ebria q\u00ebndron s\u00ebrish n\u00eb vendin e par\u00eb me nj\u00eb rritje prej 116% p\u00ebr performanc\u00ebn e vendit n\u00eb trafikun e pasagjer\u00ebve kundrejt vitit 2019.<\/span><\/p>\n<p><span style=\"color: #000000;\">Duke i fal\u00ebnderuar t\u00eb gjith\u00eb p\u00ebr arritjen, Rama b\u00ebn thirrje p\u00ebr p\u00ebrmir\u00ebsim t\u00eb rezultatit.<\/span><\/p>\n<p>&nbsp;<\/p>\n<p>&nbsp;<\/p>\n<p><span style=\"color: #000000;\">Postimi i Edi Ram\u00ebs:<\/span><\/p>\n<p><span style=\"color: #000000;\"><em>Lajm fantastik!<\/em><\/span><\/p>\n<p><span style=\"color: #000000;\"><em>Tabela e Korrikut t\u00eb K\u00ebshillit Nd\u00ebrkomb\u00ebtar t\u00eb Aeroporteve tregon se kur b\u00ebhet fjal\u00eb p\u00ebr performanc\u00ebn e vendit n\u00eb trafikun e pasagjer\u00ebve kundrejt vitit 2019, Shqip\u00ebria q\u00ebndron s\u00ebrish n\u00eb vendin e par\u00eb me nj\u00eb rritje t\u00eb pabesueshme prej 116%!<\/em><\/span><\/p>\n<p><span style=\"color: #000000;\"><em>Faleminderit t\u00eb gjith\u00ebve q\u00eb e keni b\u00ebr\u00eb t\u00eb mundur k\u00ebt\u00eb. Le t\u00eb vazhdojm\u00eb t\u00eb ngjitemi n\u00eb lart\u00ebsi t\u00eb reja!<\/em><\/span><\/p>\n<p>&nbsp;<\/p>\n<p><img decoding=\"async\" src=\"https:\/\/www.balkanweb.com\/wp-content\/uploads\/2023\/09\/shq.jpg\" alt=\"Shq\" \/><\/p>\n","protected":false,"gt_translate_keys":[{"key":"rendered","format":"html"}]},"excerpt":{"rendered":"<p>Kryeministri Edi Rama, p\u00ebrmes nj\u00eb postimi n\u00eb rrjetin social \u201cX\u201d, ka ndar\u00eb lajmin se tabela e korrikut t\u00eb K\u00ebshillit Nd\u00ebrkomb\u00ebtar t\u00eb Aeroporteve tregon se Shqip\u00ebria q\u00ebndron s\u00ebrish n\u00eb vendin e par\u00eb me nj\u00eb rritje prej 116% p\u00ebr performanc\u00ebn e vendit n\u00eb trafikun e pasagjer\u00ebve kundrejt vitit 2019. Duke i fal\u00ebnderuar t\u00eb gjith\u00eb p\u00ebr arritjen, Rama [&hellip;]<\/p>\n","protected":false,"gt_translate_keys":[{"key":"rendered","format":"html"}]},"author":30,"featured_media":614264,"comment_status":"closed","ping_status":"closed","sticky":false,"template":"","format":"standard","meta":{"footnotes":""},"categories":[65],"tags":[],"class_list":["post-614263","post","type-post","status-publish","format-standard","has-post-thumbnail","hentry","category-lajme"],"gt_translate_keys":[{"key":"link","format":"url"}],"_links":{"self":[{"href":"https:\/\/www.hashtag.al\/index.php\/wp-json\/wp\/v2\/posts\/614263","targetHints":{"allow":["GET"]}}],"collection":[{"href":"https:\/\/www.hashtag.al\/index.php\/wp-json\/wp\/v2\/posts"}],"about":[{"href":"https:\/\/www.hashtag.al\/index.php\/wp-json\/wp\/v2\/types\/post"}],"author":[{"embeddable":true,"href":"https:\/\/www.hashtag.al\/index.php\/wp-json\/wp\/v2\/users\/30"}],"replies":[{"embeddable":true,"href":"https:\/\/www.hashtag.al\/index.php\/wp-json\/wp\/v2\/comments?post=614263"}],"version-history":[{"count":0,"href":"https:\/\/www.hashtag.al\/index.php\/wp-json\/wp\/v2\/posts\/614263\/revisions"}],"wp:featuredmedia":[{"embeddable":true,"href":"https:\/\/www.hashtag.al\/index.php\/wp-json\/wp\/v2\/media\/614264"}],"wp:attachment":[{"href":"https:\/\/www.hashtag.al\/index.php\/wp-json\/wp\/v2\/media?parent=614263"}],"wp:term":[{"taxonomy":"category","embeddable":true,"href":"https:\/\/www.hashtag.al\/index.php\/wp-json\/wp\/v2\/categories?post=614263"},{"taxonomy":"post_tag","embeddable":true,"href":"https:\/\/www.hashtag.al\/index.php\/wp-json\/wp\/v2\/tags?post=614263"}],"curies":[{"name":"wp","href":"https:\/\/api.w.org\/{rel}","templated":true}]}}