{"id":614244,"date":"2023-09-03T12:24:36","date_gmt":"2023-09-03T10:24:36","guid":{"rendered":"https:\/\/www.hashtag.al\/?p=614244"},"modified":"2023-09-03T12:24:36","modified_gmt":"2023-09-03T10:24:36","slug":"gjermania-nis-mbrojtjen-e-hapesires-ajrore-te-sllovakise","status":"publish","type":"post","link":"https:\/\/www.hashtag.al\/index.php\/2023\/09\/03\/gjermania-nis-mbrojtjen-e-hapesires-ajrore-te-sllovakise\/","title":{"rendered":"Gjermania nis mbrojtjen e hap\u00ebsir\u00ebs ajrore t\u00eb Sllovakis\u00eb","gt_translate_keys":[{"key":"rendered","format":"text"}]},"content":{"rendered":"<p><a href=\"https:\/\/www.hashtag.al\/wp-content\/uploads\/2023\/09\/Screenshot-2023-09-03-120642.png\"><img loading=\"lazy\" decoding=\"async\" class=\"aligncenter size-full wp-image-614245\" src=\"https:\/\/www.hashtag.al\/wp-content\/uploads\/2023\/09\/Screenshot-2023-09-03-120642.png\" alt=\"\" width=\"1231\" height=\"677\" srcset=\"https:\/\/www.hashtag.al\/wp-content\/uploads\/2023\/09\/Screenshot-2023-09-03-120642.png 1231w, https:\/\/www.hashtag.al\/wp-content\/uploads\/2023\/09\/Screenshot-2023-09-03-120642-300x165.png 300w, https:\/\/www.hashtag.al\/wp-content\/uploads\/2023\/09\/Screenshot-2023-09-03-120642-1024x563.png 1024w, https:\/\/www.hashtag.al\/wp-content\/uploads\/2023\/09\/Screenshot-2023-09-03-120642-768x422.png 768w\" sizes=\"auto, (max-width: 1231px) 100vw, 1231px\" \/><\/a><\/p>\n<p><span style=\"color: #000000;\">Aeroplan\u00ebt luftarak\u00eb gjerman\u00eb kan\u00eb nisur t\u00eb shtun\u00ebn q\u00eb t\u2019i ndihmojn\u00eb Sllovakis\u00eb n\u00eb mbrojtjen e hap\u00ebsir\u00ebs ajrore, pasi kjo e fundit ia ka dhuruar Ukrain\u00ebs shumic\u00ebn e pajisjeve p\u00ebr mbrojtje.<\/span><\/p>\n<p><span style=\"color: #000000;\">Aeroplan\u00ebt gjerman\u00eb do ta mbrojn\u00eb k\u00ebt\u00eb shtet t\u00eb NATO-s deri m\u00eb 22 dhjetor, ka th\u00ebn\u00eb forca ajrore gjermane.<\/span><\/p>\n<p><span style=\"color: #000000;\">Aeroplan\u00ebt e d\u00ebrguar do t\u00eb jen\u00eb vazhdimisht aktiv\u00eb n\u00eb identifikimin e l\u00ebvizjeve armiq\u00ebsore n\u00eb hap\u00ebsir\u00ebn ajrore t\u00eb Sllovakis\u00eb, ka th\u00ebn\u00eb ushtria gjermane.<\/span><\/p>\n<p><span style=\"color: #000000;\">Sllovakia \u00ebsht\u00eb fqinje e drejtp\u00ebrdrejt\u00eb e Ukrain\u00ebs, e cila \u00ebsht\u00eb duke luftuar pushtimin rus, prej shkurtit t\u00eb vitit t\u00eb kaluar<\/span><\/p>\n<p><span style=\"color: #000000;\">Sllovakia ia ka dor\u00ebzuar Ukrain\u00ebs sistemet e saj p\u00ebr mbrojtje ajrore S-300, n\u00eb prill t\u00eb vitit 2022.<\/span><\/p>\n<p><span style=\"color: #000000;\">Si z\u00ebvend\u00ebsim, Shtetet e Bashkuara dhe Holanda, ia kan\u00eb dhuruar Sllovakis\u00eb nga nj\u00eb sistem raketor p\u00ebr mbrojtje Patriot, nd\u00ebrsa Gjermania dy shtes\u00eb.<\/span><\/p>\n<p><span style=\"color: #000000;\">Megjithat\u00eb, ato i kan\u00eb t\u00ebrhequr prej at\u00ebher\u00eb baterit\u00eb e sistemeve Patriot nga ky vend.<\/span><\/p>\n<p><span style=\"color: #000000;\">Prej periudh\u00ebs kur Sllovakia ia ka dor\u00ebzuar Ukrain\u00ebs edhe disa arm\u00eb shtes\u00eb t\u00eb periudh\u00ebs sovjetike, hap\u00ebsir\u00ebn e saj ajrore e kan\u00eb siguruar Polonia, Republika \u00c7eke dhe Hungaria.<\/span><\/p>\n","protected":false,"gt_translate_keys":[{"key":"rendered","format":"html"}]},"excerpt":{"rendered":"<p>Aeroplan\u00ebt luftarak\u00eb gjerman\u00eb kan\u00eb nisur t\u00eb shtun\u00ebn q\u00eb t\u2019i ndihmojn\u00eb Sllovakis\u00eb n\u00eb mbrojtjen e hap\u00ebsir\u00ebs ajrore, pasi kjo e fundit ia ka dhuruar Ukrain\u00ebs shumic\u00ebn e pajisjeve p\u00ebr mbrojtje. Aeroplan\u00ebt gjerman\u00eb do ta mbrojn\u00eb k\u00ebt\u00eb shtet t\u00eb NATO-s deri m\u00eb 22 dhjetor, ka th\u00ebn\u00eb forca ajrore gjermane. Aeroplan\u00ebt e d\u00ebrguar do t\u00eb jen\u00eb vazhdimisht aktiv\u00eb [&hellip;]<\/p>\n","protected":false,"gt_translate_keys":[{"key":"rendered","format":"html"}]},"author":30,"featured_media":614245,"comment_status":"closed","ping_status":"closed","sticky":false,"template":"","format":"standard","meta":{"footnotes":""},"categories":[6],"tags":[],"class_list":["post-614244","post","type-post","status-publish","format-standard","has-post-thumbnail","hentry","category-nderkombetare"],"gt_translate_keys":[{"key":"link","format":"url"}],"_links":{"self":[{"href":"https:\/\/www.hashtag.al\/index.php\/wp-json\/wp\/v2\/posts\/614244","targetHints":{"allow":["GET"]}}],"collection":[{"href":"https:\/\/www.hashtag.al\/index.php\/wp-json\/wp\/v2\/posts"}],"about":[{"href":"https:\/\/www.hashtag.al\/index.php\/wp-json\/wp\/v2\/types\/post"}],"author":[{"embeddable":true,"href":"https:\/\/www.hashtag.al\/index.php\/wp-json\/wp\/v2\/users\/30"}],"replies":[{"embeddable":true,"href":"https:\/\/www.hashtag.al\/index.php\/wp-json\/wp\/v2\/comments?post=614244"}],"version-history":[{"count":0,"href":"https:\/\/www.hashtag.al\/index.php\/wp-json\/wp\/v2\/posts\/614244\/revisions"}],"wp:featuredmedia":[{"embeddable":true,"href":"https:\/\/www.hashtag.al\/index.php\/wp-json\/wp\/v2\/media\/614245"}],"wp:attachment":[{"href":"https:\/\/www.hashtag.al\/index.php\/wp-json\/wp\/v2\/media?parent=614244"}],"wp:term":[{"taxonomy":"category","embeddable":true,"href":"https:\/\/www.hashtag.al\/index.php\/wp-json\/wp\/v2\/categories?post=614244"},{"taxonomy":"post_tag","embeddable":true,"href":"https:\/\/www.hashtag.al\/index.php\/wp-json\/wp\/v2\/tags?post=614244"}],"curies":[{"name":"wp","href":"https:\/\/api.w.org\/{rel}","templated":true}]}}