{"id":614162,"date":"2023-09-02T19:00:05","date_gmt":"2023-09-02T17:00:05","guid":{"rendered":"https:\/\/www.hashtag.al\/?p=614162"},"modified":"2023-09-02T19:02:14","modified_gmt":"2023-09-02T17:02:14","slug":"policia-izraelite-perplaset-me-azilkerkuesit-nga-eritrea-dhjetra-te-plagosur","status":"publish","type":"post","link":"https:\/\/www.hashtag.al\/index.php\/2023\/09\/02\/policia-izraelite-perplaset-me-azilkerkuesit-nga-eritrea-dhjetra-te-plagosur\/","title":{"rendered":"Policia izraelite p\u00ebrplaset me azilk\u00ebrkuesit nga Eritrea, dhjetra t\u00eb plagosur","gt_translate_keys":[{"key":"rendered","format":"text"}]},"content":{"rendered":"<p><span style=\"color: #000000;\"><a href=\"https:\/\/www.hashtag.al\/wp-content\/uploads\/2023\/09\/Screenshot-2023-09-02-185202.png\"><img loading=\"lazy\" decoding=\"async\" class=\"aligncenter size-full wp-image-614163\" src=\"https:\/\/www.hashtag.al\/wp-content\/uploads\/2023\/09\/Screenshot-2023-09-02-185202.png\" alt=\"\" width=\"986\" height=\"550\" srcset=\"https:\/\/www.hashtag.al\/wp-content\/uploads\/2023\/09\/Screenshot-2023-09-02-185202.png 986w, https:\/\/www.hashtag.al\/wp-content\/uploads\/2023\/09\/Screenshot-2023-09-02-185202-300x167.png 300w, https:\/\/www.hashtag.al\/wp-content\/uploads\/2023\/09\/Screenshot-2023-09-02-185202-768x428.png 768w\" sizes=\"auto, (max-width: 986px) 100vw, 986px\" \/><\/a><\/span><\/p>\n<p><span style=\"color: #000000;\">Dhjetra njer\u00ebz jan\u00eb plagosur, duke p\u00ebrfshir\u00eb disa nga t\u00eb sht\u00ebnat me arm\u00eb zjarri, gjat\u00eb p\u00ebrleshjeve midis azilk\u00ebrkuesve nga Eritrea dhe policis\u00eb izraelite n\u00eb Tel Aviv.<\/span><\/p>\n<p><span style=\"color: #000000;\">Kund\u00ebr qindra protestuesve u p\u00ebrdor\u00ebn granata trullos\u00ebse, gaz lotsjell\u00ebs dhe plumba gome.<\/span><\/p>\n<p><span style=\"color: #000000;\">Trazirat u ndez\u00ebn pasi aktivist\u00ebt kund\u00ebr qeveris\u00eb s\u00eb Eritres\u00eb than\u00eb se u k\u00ebrkuan autoriteteve izraelite t\u00eb anulonin nj\u00eb ngjarje t\u00eb ambasad\u00ebs t\u00eb shtun\u00ebn, sipas <span style=\"color: #0000ff;\"><a style=\"color: #0000ff;\" href=\"https:\/\/www.bbc.com\/news\/world-middle-east-66694149\">BBC.<\/a><\/span><\/span><\/p>\n<p><span style=\"color: #000000;\">Por protestuesit u p\u00ebrlesh\u00ebn edhe me mb\u00ebshtet\u00ebsit e regjimit t\u00eb Eritres\u00eb.<\/span><\/p>\n<p><span style=\"color: #000000;\">Ndarjet brenda Eritres\u00eb mbi sundimin e Presidentit Isaias Afwerki jan\u00eb p\u00ebrhapur n\u00eb diaspor\u00eb dhe ky \u00ebsht\u00eb shp\u00ebrthimi i fundit i dhun\u00ebs n\u00eb jav\u00ebt e fundit.<\/span><\/p>\n<p><span style=\"color: #000000;\">Sipas lajmeve izraelite, demonstruesit marshuan drejt nj\u00eb vendi ku do t\u00eb zhvillohej ngjarja. Ata fillimisht u mbajt\u00ebn nga barrikadat e policis\u00eb, por m\u00eb von\u00eb arrit\u00ebn t&#8217;i dep\u00ebrtonin.<\/span><\/p>\n<p><span style=\"color: #000000;\">Banor\u00ebt than\u00eb se rrug\u00ebt e Tel Aviv-it qendror dukeshin si nj\u00eb zon\u00eb lufte nd\u00ebrsa helikopter\u00ebt e policis\u00eb gum\u00ebzhinin lart dhe oficer\u00ebt izraelit\u00eb q\u00eblluan me arm\u00eb zjarri n\u00eb aj\u00ebr.<\/span><\/p>\n<p><span style=\"color: #000000;\">Protestuesit u p\u00ebrlesh\u00ebn me policin\u00eb, d\u00ebmtuan makina dhe thyen xhamat e bizneseve aty pran\u00eb.<\/span><\/p>\n<p><span style=\"color: #000000;\">Nj\u00eb deklarat\u00eb e policis\u00eb izraelite tha se oficer\u00ebt p\u00ebrdor\u00ebn arm\u00ebt e tyre pasi mendonin se jeta e tyre ishte n\u00eb rrezik.<\/span><\/p>\n<p><span style=\"color: #000000;\">N\u00eb nj\u00eb mesazh t\u00eb publikuar n\u00eb X, i njohur m\u00eb par\u00eb si Twitter, policia u k\u00ebrkoi an\u00ebtar\u00ebve t\u00eb paangazhuar t\u00eb publikut t\u00eb q\u00ebndronin larg vendit t\u00eb ngjarjes.<\/span><\/p>\n<p><span style=\"color: #000000;\">N\u00eb fillim t\u00eb k\u00ebsaj jave, policia tha n\u00eb nj\u00eb konferenc\u00eb shtypi se fraksione t\u00eb ndryshme Eritreane kishin r\u00ebn\u00eb dakord t\u00eb mblidheshin n\u00eb dy vende t\u00eb ve\u00e7anta k\u00ebt\u00eb t\u00eb shtun\u00eb.<\/span><\/p>\n<p><span style=\"color: #000000;\">Mb\u00ebshtet\u00ebsit e qeveris\u00eb n\u00eb Asmara duhej t\u00eb takoheshin pran\u00eb ambasad\u00ebs. Kund\u00ebrshtar\u00ebt duhej t\u00eb protestonin n\u00eb stacionin e vjet\u00ebr qendror t\u00eb autobus\u00ebve, i cili \u00ebsht\u00eb pak larg.<\/span><\/p>\n<p><span style=\"color: #000000;\">Megjithat\u00eb, t\u00eb dyja pal\u00ebt nuk iu p\u00ebrmbajt\u00ebn angazhimeve t\u00eb tyre, tha policia.<\/span><\/p>\n<p><span style=\"color: #000000;\">Nj\u00eb burim i lart\u00eb i policis\u00eb i paidentifikuar u citua nga gazeta Haaretz t\u00eb thoshte: &#8220;<em>Ne ishim shum\u00eb t\u00eb befasuar nga niveli i dhun\u00ebs, skena q\u00eb shihni vet\u00ebm n\u00eb Bregun Per\u00ebndimor&#8221;.<\/em><\/span><\/p>\n<p><span style=\"color: #000000;\">Nd\u00ebrkoh\u00eb qindra oficer\u00eb jan\u00eb vendosur q\u00eb at\u00ebher\u00eb n\u00eb zon\u00eb, sipas policis\u00eb.<\/span><\/p>\n","protected":false,"gt_translate_keys":[{"key":"rendered","format":"html"}]},"excerpt":{"rendered":"<p>Dhjetra njer\u00ebz jan\u00eb plagosur, duke p\u00ebrfshir\u00eb disa nga t\u00eb sht\u00ebnat me arm\u00eb zjarri, gjat\u00eb p\u00ebrleshjeve midis azilk\u00ebrkuesve nga Eritrea dhe policis\u00eb izraelite n\u00eb Tel Aviv. Kund\u00ebr qindra protestuesve u p\u00ebrdor\u00ebn granata trullos\u00ebse, gaz lotsjell\u00ebs dhe plumba gome. Trazirat u ndez\u00ebn pasi aktivist\u00ebt kund\u00ebr qeveris\u00eb s\u00eb Eritres\u00eb than\u00eb se u k\u00ebrkuan autoriteteve izraelite t\u00eb anulonin nj\u00eb [&hellip;]<\/p>\n","protected":false,"gt_translate_keys":[{"key":"rendered","format":"html"}]},"author":30,"featured_media":614163,"comment_status":"closed","ping_status":"closed","sticky":false,"template":"","format":"standard","meta":{"footnotes":""},"categories":[6],"tags":[],"class_list":["post-614162","post","type-post","status-publish","format-standard","has-post-thumbnail","hentry","category-nderkombetare"],"gt_translate_keys":[{"key":"link","format":"url"}],"_links":{"self":[{"href":"https:\/\/www.hashtag.al\/index.php\/wp-json\/wp\/v2\/posts\/614162","targetHints":{"allow":["GET"]}}],"collection":[{"href":"https:\/\/www.hashtag.al\/index.php\/wp-json\/wp\/v2\/posts"}],"about":[{"href":"https:\/\/www.hashtag.al\/index.php\/wp-json\/wp\/v2\/types\/post"}],"author":[{"embeddable":true,"href":"https:\/\/www.hashtag.al\/index.php\/wp-json\/wp\/v2\/users\/30"}],"replies":[{"embeddable":true,"href":"https:\/\/www.hashtag.al\/index.php\/wp-json\/wp\/v2\/comments?post=614162"}],"version-history":[{"count":0,"href":"https:\/\/www.hashtag.al\/index.php\/wp-json\/wp\/v2\/posts\/614162\/revisions"}],"wp:featuredmedia":[{"embeddable":true,"href":"https:\/\/www.hashtag.al\/index.php\/wp-json\/wp\/v2\/media\/614163"}],"wp:attachment":[{"href":"https:\/\/www.hashtag.al\/index.php\/wp-json\/wp\/v2\/media?parent=614162"}],"wp:term":[{"taxonomy":"category","embeddable":true,"href":"https:\/\/www.hashtag.al\/index.php\/wp-json\/wp\/v2\/categories?post=614162"},{"taxonomy":"post_tag","embeddable":true,"href":"https:\/\/www.hashtag.al\/index.php\/wp-json\/wp\/v2\/tags?post=614162"}],"curies":[{"name":"wp","href":"https:\/\/api.w.org\/{rel}","templated":true}]}}