{"id":613869,"date":"2023-08-31T15:44:01","date_gmt":"2023-08-31T13:44:01","guid":{"rendered":"https:\/\/www.hashtag.al\/?p=613869"},"modified":"2023-08-31T15:44:01","modified_gmt":"2023-08-31T13:44:01","slug":"u-konfliktua-me-dy-persona-dhe-qelloi-ne-ajer-arrestohet-ne-peshkopi-33-vjecari","status":"publish","type":"post","link":"https:\/\/www.hashtag.al\/index.php\/2023\/08\/31\/u-konfliktua-me-dy-persona-dhe-qelloi-ne-ajer-arrestohet-ne-peshkopi-33-vjecari\/","title":{"rendered":"U konfliktua me dy persona dhe q\u00eblloi n\u00eb aj\u00ebr, arrestohet n\u00eb Peshkopi 33-vje\u00e7ari","gt_translate_keys":[{"key":"rendered","format":"text"}]},"content":{"rendered":"<p><span style=\"color: #000000;\"><a style=\"color: #000000;\" href=\"https:\/\/www.hashtag.al\/wp-content\/uploads\/2023\/08\/diber-1-770x409-1.jpg\"><img loading=\"lazy\" decoding=\"async\" class=\"aligncenter size-full wp-image-613870\" src=\"https:\/\/www.hashtag.al\/wp-content\/uploads\/2023\/08\/diber-1-770x409-1.jpg\" alt=\"\" width=\"770\" height=\"409\" srcset=\"https:\/\/www.hashtag.al\/wp-content\/uploads\/2023\/08\/diber-1-770x409-1.jpg 770w, https:\/\/www.hashtag.al\/wp-content\/uploads\/2023\/08\/diber-1-770x409-1-300x159.jpg 300w, https:\/\/www.hashtag.al\/wp-content\/uploads\/2023\/08\/diber-1-770x409-1-768x408.jpg 768w\" sizes=\"auto, (max-width: 770px) 100vw, 770px\" \/><\/a><\/span><\/p>\n<p><span style=\"color: #000000;\">Policia ka arrestuar nj\u00eb 33-vje\u00e7ar n\u00eb Peshkopi i cili u konfliktua me dy kush\u00ebrinjt\u00eb e pronarit t\u00eb nj\u00eb ambienti q\u00eb donte ta merrte me qera dhe gjat\u00eb konfliktit q\u00eblloi n\u00eb aj\u00ebr me arm\u00eb zjarri.<\/span><\/p>\n<p><span style=\"color: #000000;\">Policia ka sekuestruar arm\u00ebn e zjarrit pistolet\u00eb me t\u00eb cil\u00ebn 33 vje\u00e7ari q\u00eblloi n\u00eb aj\u00ebr.<\/span><\/p>\n<p><span style=\"color: #000000;\">\u201c<em>N\u00eb qytetin e Peshkopis\u00eb, shtetasi L.H., 33 vje\u00e7, banues n\u00eb Peshkopi, \u00ebsht\u00eb konfliktuar dhe ka kanosur me arm\u00eb zjarri duke q\u00eblluar nj\u00eb her\u00eb n\u00eb aj\u00ebr, shtetasit Sh.L., dhe R.L., kusherinjte e shtetasit Z.L., ku k\u00ebtij t\u00eb fundit donte ti merrte me qera nj\u00eb ambient q\u00eb e posodonte shtetasi Z.L.<\/em><\/span><\/p>\n<p><span style=\"color: #000000;\"><em>Fal\u00eb reagimit n\u00eb koh\u00eb dhe nd\u00ebrhyrjes s\u00eb menj\u00ebhershme t\u00eb Policis\u00eb \u00ebsht\u00eb b\u00ebr\u00eb parandalimi i p\u00ebrshkall\u00ebzimit t\u00eb konfliktit dhe kapja e shoq\u00ebrimi n\u00eb Komisariat i shtetasit L.H.<\/em><\/span><\/p>\n<p><span style=\"color: #000000;\"><em>Gjithashtu jan\u00eb shoq\u00ebruar n\u00eb ambientet e Komisariatit dhe disa persona t\u00eb tjer\u00eb q\u00eb dyshohet se kan\u00eb dijeni mbi rrethanat e ngjarjes.<\/em><\/span><\/p>\n<p><span style=\"color: #000000;\"><em>Grupi hetimor n\u00eb bashk\u00ebpunim me Prokurorin\u00eb vijojn\u00eb hetimet p\u00ebr zbardhjen e plot\u00eb t\u00eb rrethanave t\u00eb ngjarjes.<\/em><\/span><\/p>\n<p><span style=\"color: #000000;\"><em>N\u00eb p\u00ebrfundim t\u00eb veprimeve hetimore do t\u00eb ket\u00eb informacion t\u00eb plot\u00eb mbi ngjarjen<\/em>\u201d- njofton policia.<\/span><\/p>\n","protected":false,"gt_translate_keys":[{"key":"rendered","format":"html"}]},"excerpt":{"rendered":"<p>Policia ka arrestuar nj\u00eb 33-vje\u00e7ar n\u00eb Peshkopi i cili u konfliktua me dy kush\u00ebrinjt\u00eb e pronarit t\u00eb nj\u00eb ambienti q\u00eb donte ta merrte me qera dhe gjat\u00eb konfliktit q\u00eblloi n\u00eb aj\u00ebr me arm\u00eb zjarri. Policia ka sekuestruar arm\u00ebn e zjarrit pistolet\u00eb me t\u00eb cil\u00ebn 33 vje\u00e7ari q\u00eblloi n\u00eb aj\u00ebr. \u201cN\u00eb qytetin e Peshkopis\u00eb, shtetasi L.H., [&hellip;]<\/p>\n","protected":false,"gt_translate_keys":[{"key":"rendered","format":"html"}]},"author":32,"featured_media":613870,"comment_status":"closed","ping_status":"closed","sticky":false,"template":"","format":"standard","meta":{"footnotes":""},"categories":[65,13],"tags":[],"class_list":["post-613869","post","type-post","status-publish","format-standard","has-post-thumbnail","hentry","category-lajme","category-te-fundit"],"gt_translate_keys":[{"key":"link","format":"url"}],"_links":{"self":[{"href":"https:\/\/www.hashtag.al\/index.php\/wp-json\/wp\/v2\/posts\/613869","targetHints":{"allow":["GET"]}}],"collection":[{"href":"https:\/\/www.hashtag.al\/index.php\/wp-json\/wp\/v2\/posts"}],"about":[{"href":"https:\/\/www.hashtag.al\/index.php\/wp-json\/wp\/v2\/types\/post"}],"author":[{"embeddable":true,"href":"https:\/\/www.hashtag.al\/index.php\/wp-json\/wp\/v2\/users\/32"}],"replies":[{"embeddable":true,"href":"https:\/\/www.hashtag.al\/index.php\/wp-json\/wp\/v2\/comments?post=613869"}],"version-history":[{"count":0,"href":"https:\/\/www.hashtag.al\/index.php\/wp-json\/wp\/v2\/posts\/613869\/revisions"}],"wp:featuredmedia":[{"embeddable":true,"href":"https:\/\/www.hashtag.al\/index.php\/wp-json\/wp\/v2\/media\/613870"}],"wp:attachment":[{"href":"https:\/\/www.hashtag.al\/index.php\/wp-json\/wp\/v2\/media?parent=613869"}],"wp:term":[{"taxonomy":"category","embeddable":true,"href":"https:\/\/www.hashtag.al\/index.php\/wp-json\/wp\/v2\/categories?post=613869"},{"taxonomy":"post_tag","embeddable":true,"href":"https:\/\/www.hashtag.al\/index.php\/wp-json\/wp\/v2\/tags?post=613869"}],"curies":[{"name":"wp","href":"https:\/\/api.w.org\/{rel}","templated":true}]}}