{"id":613814,"date":"2023-08-31T11:12:11","date_gmt":"2023-08-31T09:12:11","guid":{"rendered":"https:\/\/www.hashtag.al\/?p=613814"},"modified":"2023-08-31T11:12:11","modified_gmt":"2023-08-31T09:12:11","slug":"avokati-i-biznesmenit-te-arrestuar-pellumb-gjoka-nuk-keni-pare-asgje-akoma","status":"publish","type":"post","link":"https:\/\/www.hashtag.al\/index.php\/2023\/08\/31\/avokati-i-biznesmenit-te-arrestuar-pellumb-gjoka-nuk-keni-pare-asgje-akoma\/","title":{"rendered":"Avokati i biznesmenit t\u00eb arrestuar P\u00ebllumb Gjoka: Nuk keni par\u00eb asgj\u00eb akoma\u2026","gt_translate_keys":[{"key":"rendered","format":"text"}]},"content":{"rendered":"<p><img loading=\"lazy\" decoding=\"async\" class=\"aligncenter size-full wp-image-613815\" src=\"https:\/\/www.hashtag.al\/wp-content\/uploads\/2023\/08\/manjani.png\" alt=\"\" width=\"1170\" height=\"573\" srcset=\"https:\/\/www.hashtag.al\/wp-content\/uploads\/2023\/08\/manjani.png 1170w, https:\/\/www.hashtag.al\/wp-content\/uploads\/2023\/08\/manjani-300x147.png 300w, https:\/\/www.hashtag.al\/wp-content\/uploads\/2023\/08\/manjani-1024x501.png 1024w, https:\/\/www.hashtag.al\/wp-content\/uploads\/2023\/08\/manjani-768x376.png 768w\" sizes=\"auto, (max-width: 1170px) 100vw, 1170px\" \/><\/p>\n<p><span style=\"color: #000000;\">Avokati i biznemenit P\u00ebllumb Gjoka, i arrestuar gjat\u00eb operacionit \u2018Memaorfoza\u2019 tha se drejt\u00ebsia po p\u00ebrdor nj\u00eb standard jasht\u00ebzakonisht t\u00eb ul\u00ebt n\u00eb \u00e7\u00ebshtjen ndaj klientit t\u00eb tij. <\/span><\/p>\n<p><span style=\"color: #000000;\">Teksa citoi fjal\u00ebt e kryeministit Rama vite m\u00eb par\u00eb, Ylli Manjani tha se qytetar\u00ebt shqiptar\u00eb \u2018nuk kan\u00eb\u00a0 par\u00eb agj\u00eb akoma\u2019. <\/span><\/p>\n<p><span style=\"color: #000000;\">Avokati i Gjok\u00ebs tha se drejt\u00ebsia mund t\u00eb hetoj\u00eb p\u00ebr k\u00ebdo po nuk ka asnj\u00eb t\u00eb drejt\u00eb t\u00eb burgos\u00eb dik\u00eb pa prova nd\u00ebrsa ai \u00ebsht\u00eb n\u00eb hetim.<\/span><\/p>\n<p><span style=\"color: #000000;\"><em>\u201cT\u00eb drejt\u00ebsis\u00eb shqiptare, t\u00eb asaj t\u00eb djeshme dhe k\u00ebsaj t\u00eb sotme q\u00eb t\u00eb v\u00eb person n\u00eb hetim dhe t\u00eb v\u00eb hekurat. Po t\u00eb duan t\u00eb hetojn\u00eb, t\u00eb hetojn\u00eb. Por kjo nuk \u00ebsht\u00eb standard. Problemi \u00ebsht\u00eb q\u00eb me k\u00ebt\u00eb standard, po ju them nj\u00eb gj\u00eb t\u00eb gjith\u00ebve tani. Me k\u00ebt\u00eb standard nuk keni par\u00eb gj\u00eb akoma.\u00a0<\/em><\/span><\/p>\n<p><span style=\"color: #000000;\"><em>Kush e do P\u00ebllumb Gjok\u00ebn n\u00eb burg? Un\u00eb nuk b\u00ebj dot teori konspiracioni dhe nuk i ushqej dot as konspiracionist\u00ebt dhe as gjyqet popullore. At\u00eb q\u00eb s\u2019e keni par\u00eb ju dhe ne akoma dhe mesa duket do e shohim \u00ebsht\u00eb: Standardi jasht\u00ebzakonisht i ul\u00ebt i marrjes n\u00eb p\u00ebrgjegj\u00ebsi penale dhe p\u00ebr shkak t\u00eb k\u00ebtij standardi shprehja e shokut Enver \u2018gjith\u00eb populli ushtar\u2019 do b\u00ebhet \u2018i gjith\u00eb populli n\u00eb burg\u2019.\u00a0 Dhe kjo godina k\u00ebtu do b\u00ebhet si godina e deg\u00ebs ushtarake q\u00eb th\u00ebrritshin p\u00ebr n\u00eb zbor.\u201d<\/em> &#8211; tha Manjani.<\/span><\/p>\n","protected":false,"gt_translate_keys":[{"key":"rendered","format":"html"}]},"excerpt":{"rendered":"<p>Avokati i biznemenit P\u00ebllumb Gjoka, i arrestuar gjat\u00eb operacionit \u2018Memaorfoza\u2019 tha se drejt\u00ebsia po p\u00ebrdor nj\u00eb standard jasht\u00ebzakonisht t\u00eb ul\u00ebt n\u00eb \u00e7\u00ebshtjen ndaj klientit t\u00eb tij. Teksa citoi fjal\u00ebt e kryeministit Rama vite m\u00eb par\u00eb, Ylli Manjani tha se qytetar\u00ebt shqiptar\u00eb \u2018nuk kan\u00eb\u00a0 par\u00eb agj\u00eb akoma\u2019. Avokati i Gjok\u00ebs tha se drejt\u00ebsia mund t\u00eb hetoj\u00eb [&hellip;]<\/p>\n","protected":false,"gt_translate_keys":[{"key":"rendered","format":"html"}]},"author":51,"featured_media":613815,"comment_status":"closed","ping_status":"closed","sticky":false,"template":"","format":"standard","meta":{"footnotes":""},"categories":[65],"tags":[],"class_list":["post-613814","post","type-post","status-publish","format-standard","has-post-thumbnail","hentry","category-lajme"],"gt_translate_keys":[{"key":"link","format":"url"}],"_links":{"self":[{"href":"https:\/\/www.hashtag.al\/index.php\/wp-json\/wp\/v2\/posts\/613814","targetHints":{"allow":["GET"]}}],"collection":[{"href":"https:\/\/www.hashtag.al\/index.php\/wp-json\/wp\/v2\/posts"}],"about":[{"href":"https:\/\/www.hashtag.al\/index.php\/wp-json\/wp\/v2\/types\/post"}],"author":[{"embeddable":true,"href":"https:\/\/www.hashtag.al\/index.php\/wp-json\/wp\/v2\/users\/51"}],"replies":[{"embeddable":true,"href":"https:\/\/www.hashtag.al\/index.php\/wp-json\/wp\/v2\/comments?post=613814"}],"version-history":[{"count":0,"href":"https:\/\/www.hashtag.al\/index.php\/wp-json\/wp\/v2\/posts\/613814\/revisions"}],"wp:featuredmedia":[{"embeddable":true,"href":"https:\/\/www.hashtag.al\/index.php\/wp-json\/wp\/v2\/media\/613815"}],"wp:attachment":[{"href":"https:\/\/www.hashtag.al\/index.php\/wp-json\/wp\/v2\/media?parent=613814"}],"wp:term":[{"taxonomy":"category","embeddable":true,"href":"https:\/\/www.hashtag.al\/index.php\/wp-json\/wp\/v2\/categories?post=613814"},{"taxonomy":"post_tag","embeddable":true,"href":"https:\/\/www.hashtag.al\/index.php\/wp-json\/wp\/v2\/tags?post=613814"}],"curies":[{"name":"wp","href":"https:\/\/api.w.org\/{rel}","templated":true}]}}