{"id":613732,"date":"2023-08-30T20:34:37","date_gmt":"2023-08-30T18:34:37","guid":{"rendered":"https:\/\/www.hashtag.al\/?p=613732"},"modified":"2023-08-30T20:34:37","modified_gmt":"2023-08-30T18:34:37","slug":"sula-basha-po-mban-peng-pd-ne-per-interesa-fitimprurese-personale-e-perdor-per-interesa-okulte-financare","status":"publish","type":"post","link":"https:\/\/www.hashtag.al\/index.php\/2023\/08\/30\/sula-basha-po-mban-peng-pd-ne-per-interesa-fitimprurese-personale-e-perdor-per-interesa-okulte-financare\/","title":{"rendered":"Sula: Basha po mban peng PD-n\u00eb p\u00ebr interesa fitimprur\u00ebse personale, e p\u00ebrdor p\u00ebr interesa okulte financare","gt_translate_keys":[{"key":"rendered","format":"text"}]},"content":{"rendered":"<p><span style=\"color: #000000;\"><img loading=\"lazy\" decoding=\"async\" class=\"aligncenter size-full wp-image-613733\" src=\"https:\/\/www.hashtag.al\/wp-content\/uploads\/2023\/08\/bashasula.png\" alt=\"\" width=\"1129\" height=\"595\" srcset=\"https:\/\/www.hashtag.al\/wp-content\/uploads\/2023\/08\/bashasula.png 1129w, https:\/\/www.hashtag.al\/wp-content\/uploads\/2023\/08\/bashasula-300x158.png 300w, https:\/\/www.hashtag.al\/wp-content\/uploads\/2023\/08\/bashasula-1024x540.png 1024w, https:\/\/www.hashtag.al\/wp-content\/uploads\/2023\/08\/bashasula-768x405.png 768w\" sizes=\"auto, (max-width: 1129px) 100vw, 1129px\" \/><\/span><\/p>\n<p><span style=\"color: #000000;\">Deputeti i PD-s\u00eb Dash Sula, i cili njihet si pjes\u00eb e grupit t\u00eb Bardhit, ka komentuar mbledhjen e sotme t\u00eb kryesis\u00eb s\u00eb partis\u00eb nga Basha. <\/span><\/p>\n<p><span style=\"color: #000000;\">Sula, i cili mungoi n\u00eb mbledhjen e sotme shkruan se PD-ja ka dy vite q\u00eb po kalon gjendjen m\u00eb t\u00eb v\u00ebshtir\u00eb duke qen\u00eb krejt e p\u00ebr\u00e7ar\u00eb. <\/span><\/p>\n<p><span style=\"color: #000000;\">Ai thekson se ata q\u00eb jan\u00eb p\u00ebrgjegj\u00ebs p\u00ebr humbjet n\u00eb zgjedhje e kriz\u00ebn, n\u00eb vend q\u00eb t\u00eb largohen po riciklohen duke e shfryt\u00ebzuar sakrific\u00ebn e demokrat\u00ebve p\u00ebr interesa fitimprur\u00ebse personale.<\/span><\/p>\n<p><span style=\"color: #000000;\"><em>\u201cParti politike apo biznes familjar? T\u00eb dashur dhe t\u00eb nderuar qytetar\u00eb dhe ju demokrat\u00eb t\u00eb angazhuar, po b\u00ebhen afro dy vite q\u00eb Partia Demokratike \u00ebsht\u00eb n\u00eb situat\u00ebn e saj m\u00eb t\u00eb v\u00ebshtir\u00eb. \u00cbsht\u00eb e p\u00ebr\u00e7ar\u00eb q\u00eb n\u00eb kok\u00eb e deri n\u00eb strukturat m\u00eb t\u00eb thjeshta. Arsyet tashm\u00eb i dim\u00eb. 6 marsi i vitit 2022 dhe 14 maj i k\u00ebtij viti e tregoi me fakte dhe numra se Partia Demokratike nuk mund t\u00eb kthehet n\u00eb nj\u00eb forc\u00eb alternativ\u00eb qeveris\u00ebse duke luftuar p\u00ebr nj\u00eb llokm\u00eb brenda saj. Edhe duke bashkuar votat e ndara mes vetes, opozita s\u00ebrish nuk b\u00ebn m\u00eb shum\u00eb vota sesa partia n\u00eb pushtet. Kjo situat\u00eb lips nj\u00eb opozit\u00eb m\u00eb t\u00eb fort\u00eb q\u00eb t\u00eb thith\u00eb edhe shtres\u00ebn gri edhe t\u00eb pak\u00ebnaqurit. Me gjith\u00eb k\u00ebto fakte e prova trondit\u00ebse duket se ata q\u00eb jan\u00eb shkaktar\u00ebt e k\u00ebsaj krize, nuk kan\u00eb nxjerr\u00eb m\u00ebsimet por riciklohen dhe duket se duan ta shfryt\u00ebzojn\u00eb, sakrific\u00ebn e demokrat\u00ebve p\u00ebr interesa fitimprur\u00ebse personale.\u201d<\/em> &#8211; shkruan Sula n\u00eb Facebook.<\/span><\/p>\n<p><span style=\"color: #000000;\">M\u00eb tej Sula n\u00ebnvizon se nd\u00ebrsa grupi i deputet\u00ebve po u q\u00ebndrojn\u00eb parimeve, Lulzim Basha q\u00eb nisi p\u00ebr\u00e7arjen me 9 shtator 2021 nuk u del zot atyre. <\/span><\/p>\n<p><span style=\"color: #000000;\">Ai shton se Basha b\u00ebri sikur dha dhor\u00ebheqjen duke mbajtur peng zhvllimet n\u00eb PD e duke u kthyer n\u00eb pik\u00eb t\u00eb vap\u00ebs me nxitim. <\/span><\/p>\n<p><span style=\"color: #000000;\">N\u00eb fund Sula shkruan se \u00e7do mbledhje e PD-s\u00eb jasht\u00eb statutit vet\u00ebm sa e zvog\u00eblon opozit\u00ebn nd\u00ebrsa sipas tij Basha k\u00ebrkon ta trajtoj\u00eb partin\u00eb p\u00ebr interesa okulte financiare duke e p\u00ebrdorur at\u00eb si mjet p\u00ebr t\u00eb v\u00ebr\u00eb para.<\/span><\/p>\n<p><span style=\"color: #000000;\"><em>\u201cNe, grupi i deputet\u00ebve t\u00eb Partis\u00eb Demokratike q\u00eb n\u00eb vendimet e para q\u00eb kemi marr\u00eb jemi mb\u00ebshtetur te partner\u00ebt tan\u00eb, nd\u00ebrkomb\u00ebtar\u00ebt, parimet e tyre. K\u00ebto parime na udh\u00ebheqin. T\u00eb nj\u00ebjtat standarte duket se nuk po ndiqen nga ai q\u00eb m\u00eb 9 shtator t\u00eb 2021 inicioi p\u00ebr\u00e7arjen e m\u00eb pas nuk i doli p\u00ebr zot vendimit q\u00eb mori. Pasi b\u00ebri sikur dha dor\u00ebheqjen por n\u00eb hije mbajti peng zhvillimet n\u00eb PD, n\u00eb pikun e vap\u00ebs b\u00ebri sikur u rikthye fuqish\u00ebm. Por ndryshe nga sa iu kishte fryr\u00eb ata q\u00eb I mban af\u00ebr, nuk mori asnj\u00eb urim nga miqt\u00eb nd\u00ebrkomb\u00ebtar\u00eb. Mori urime dhe vler\u00ebsime kur dha dor\u00ebheqjen por jo kur u \u2018kthye\u2019. N\u00ebse duhet t\u00eb ndjekim t\u00eb nj\u00ebjtat standarte, k\u00ebt\u00eb detaj do duhet ta vler\u00ebsojm\u00eb maksimalisht. (nuk ka ndodhur deri m\u00eb tani). P\u00ebrkund\u00ebr interesave t\u00eb demokrat\u00ebve dhe shumic\u00ebs s\u00eb qytetar\u00ebve t\u00eb cil\u00ebt duan nj\u00eb opozit\u00eb alternativ\u00eb m\u00eb t\u00eb mir\u00eb qeveris\u00ebse sesa kjo q\u00eb \u00ebsht\u00eb aktualisht po merren hapa q\u00eb e zvogelojne Partine Demokratike ne nje biznes familjar\u00eb. \u00c7do mbledhje ne kundershtim me \u2018kushtetuten\u2019 tone partiake, statutin e PD nuk e forcon opozit\u00ebn por zvog\u00eblon at\u00eb. Kushdo q\u00eb ka t\u00eb par\u00ebn interesin e qytetar\u00ebve synon ta rris\u00eb PD, kushdo q\u00eb do ta trajtoj\u00eb at\u00eb p\u00ebr interesa okulte financiare nuk I intereson se sa zvog\u00eblohet partia por do ta p\u00ebrdor\u00eb at\u00eb si nj\u00eb instrument p\u00ebr t\u00eb b\u00ebr\u00eb edhe m\u00eb shum\u00eb para pa firmosur as edhe nj\u00eb dit\u00eb n\u00eb qeveri.\u201d<\/em> &#8211; mbyll sh\u00ebnimin Sula.<\/span><\/p>\n","protected":false,"gt_translate_keys":[{"key":"rendered","format":"html"}]},"excerpt":{"rendered":"<p>Deputeti i PD-s\u00eb Dash Sula, i cili njihet si pjes\u00eb e grupit t\u00eb Bardhit, ka komentuar mbledhjen e sotme t\u00eb kryesis\u00eb s\u00eb partis\u00eb nga Basha. Sula, i cili mungoi n\u00eb mbledhjen e sotme shkruan se PD-ja ka dy vite q\u00eb po kalon gjendjen m\u00eb t\u00eb v\u00ebshtir\u00eb duke qen\u00eb krejt e p\u00ebr\u00e7ar\u00eb. Ai thekson se ata [&hellip;]<\/p>\n","protected":false,"gt_translate_keys":[{"key":"rendered","format":"html"}]},"author":51,"featured_media":613733,"comment_status":"closed","ping_status":"closed","sticky":false,"template":"","format":"standard","meta":{"footnotes":""},"categories":[65],"tags":[],"class_list":["post-613732","post","type-post","status-publish","format-standard","has-post-thumbnail","hentry","category-lajme"],"gt_translate_keys":[{"key":"link","format":"url"}],"_links":{"self":[{"href":"https:\/\/www.hashtag.al\/index.php\/wp-json\/wp\/v2\/posts\/613732","targetHints":{"allow":["GET"]}}],"collection":[{"href":"https:\/\/www.hashtag.al\/index.php\/wp-json\/wp\/v2\/posts"}],"about":[{"href":"https:\/\/www.hashtag.al\/index.php\/wp-json\/wp\/v2\/types\/post"}],"author":[{"embeddable":true,"href":"https:\/\/www.hashtag.al\/index.php\/wp-json\/wp\/v2\/users\/51"}],"replies":[{"embeddable":true,"href":"https:\/\/www.hashtag.al\/index.php\/wp-json\/wp\/v2\/comments?post=613732"}],"version-history":[{"count":0,"href":"https:\/\/www.hashtag.al\/index.php\/wp-json\/wp\/v2\/posts\/613732\/revisions"}],"wp:featuredmedia":[{"embeddable":true,"href":"https:\/\/www.hashtag.al\/index.php\/wp-json\/wp\/v2\/media\/613733"}],"wp:attachment":[{"href":"https:\/\/www.hashtag.al\/index.php\/wp-json\/wp\/v2\/media?parent=613732"}],"wp:term":[{"taxonomy":"category","embeddable":true,"href":"https:\/\/www.hashtag.al\/index.php\/wp-json\/wp\/v2\/categories?post=613732"},{"taxonomy":"post_tag","embeddable":true,"href":"https:\/\/www.hashtag.al\/index.php\/wp-json\/wp\/v2\/tags?post=613732"}],"curies":[{"name":"wp","href":"https:\/\/api.w.org\/{rel}","templated":true}]}}