{"id":613658,"date":"2023-08-30T14:45:25","date_gmt":"2023-08-30T12:45:25","guid":{"rendered":"https:\/\/www.hashtag.al\/?p=613658"},"modified":"2023-08-30T14:49:24","modified_gmt":"2023-08-30T12:49:24","slug":"balla-nuk-ka-rrjedhje-te-te-dhenave-nga-sistemintims-nje-ekip-i-ri-ne-drejtori-po-ben-ndryshim-teresor-ne-aspektin-teknik-te-sigurise","status":"publish","type":"post","link":"https:\/\/www.hashtag.al\/index.php\/2023\/08\/30\/balla-nuk-ka-rrjedhje-te-te-dhenave-nga-sistemintims-nje-ekip-i-ri-ne-drejtori-po-ben-ndryshim-teresor-ne-aspektin-teknik-te-sigurise\/","title":{"rendered":"Balla: Nuk ka rrjedhje t\u00eb t\u00eb dh\u00ebnave nga sistemi TIMS, nj\u00eb ekip i ri n\u00eb Drejtori po b\u00ebn ndryshim t\u00ebr\u00ebsor n\u00eb aspektin teknik t\u00eb siguris\u00eb","gt_translate_keys":[{"key":"rendered","format":"text"}]},"content":{"rendered":"<p><span style=\"color: #000000;\"><a href=\"https:\/\/www.hashtag.al\/wp-content\/uploads\/2023\/08\/Screenshot-2023-08-30-143938.png\"><img loading=\"lazy\" decoding=\"async\" class=\"aligncenter size-full wp-image-613659\" src=\"https:\/\/www.hashtag.al\/wp-content\/uploads\/2023\/08\/Screenshot-2023-08-30-143938.png\" alt=\"\" width=\"796\" height=\"388\" srcset=\"https:\/\/www.hashtag.al\/wp-content\/uploads\/2023\/08\/Screenshot-2023-08-30-143938.png 796w, https:\/\/www.hashtag.al\/wp-content\/uploads\/2023\/08\/Screenshot-2023-08-30-143938-300x146.png 300w, https:\/\/www.hashtag.al\/wp-content\/uploads\/2023\/08\/Screenshot-2023-08-30-143938-768x374.png 768w\" sizes=\"auto, (max-width: 796px) 100vw, 796px\" \/><\/a><\/span><\/p>\n<p><span style=\"color: #000000;\">Gjat\u00eb fjal\u00ebs s\u00eb tij pas mbledhjes s\u00eb qeveris\u00eb, ministri i Brendsh\u00ebm Taulant Balla deklaroi se nuk ka rrjedhje t\u00eb t\u00eb dh\u00ebnave nga sistemi TIMS.<\/span><\/p>\n<p><span style=\"color: #000000;\">Balla tha se e v\u00ebrteta \u00ebsht\u00eb se nj\u00eb ekip i ri brenda Drejtoris\u00eb s\u00eb P\u00ebrgjithshme t\u00eb Policis\u00eb nga qershori ka marr\u00eb p\u00ebrsip\u00ebr nj\u00eb ndryshim t\u00ebr\u00ebsor t\u00eb m\u00ebnyr\u00ebs s\u00eb administrimit n\u00eb aspektin teknik dhe t\u00eb siguris\u00eb.<\/span><\/p>\n<p><span style=\"color: #000000;\">Balla ka folur dhe p\u00ebr nj\u00eb proces vet\u00ebpastrimi t\u00eb Policis\u00eb s\u00eb Shtetit nga personat e lidhur me krimin.<\/span><\/p>\n<p>&nbsp;<\/p>\n<p><span style=\"color: #000000;\"><strong>Pas ngjarjeve t\u00eb bujshme, problematike t\u00eb ver\u00ebs, a mund t\u00eb garantoni se \u00e7do fije krimi n\u00eb polici \u00ebsht\u00eb prer\u00eb tashm\u00eb?<\/strong><\/span><\/p>\n<p><span style=\"color: #000000;\"><strong>Balla:<\/strong> <em>Procesi i vet\u00ebpastrimit n\u00eb Policin\u00eb e Shtetit sapo ka filluar dhe si i till\u00eb un\u00eb nuk jam k\u00ebtu q\u00eb brenda 40 dit\u00ebve t\u00eb them se un\u00eb ia kam arritur q\u00ebllimit ta pastroj plot\u00ebsisht, por kam th\u00ebn\u00eb q\u00eb po punoj \u00e7do dit\u00eb n\u00eb bashk\u00ebveprim me t\u00eb gjitha strukturat e tjera ligjzbatuese dhe kam marr\u00eb garancit\u00eb e t\u00eb gjitha institucioneve q\u00eb k\u00ebt\u00eb proces vet\u00ebpastrimi ta kryejm\u00eb n\u00eb nj\u00eb koh\u00eb sa m\u00eb t\u00eb shkurt\u00ebr, por mos harroni q\u00eb ky \u00ebsht\u00eb nj\u00eb proces i vazhduesh\u00ebm. Por punonj\u00ebs policie t\u00eb cil\u00ebt tradhtojn\u00eb nga brenda struktur\u00ebs s\u00eb policis\u00eb aksione t\u00eb policis\u00eb do t\u00eb jen\u00eb n\u00eb zhdukje.<\/em><\/span><\/p>\n<p><span style=\"color: #000000;\"><em>Fijet q\u00eb lidhin nga brenda policis\u00eb s\u00eb shtetit punonj\u00ebs t\u00eb caktuar t\u00eb policis\u00eb s\u00eb shtetit me organizatat kriminale apo me tradhtimin e aksioneve t\u00eb policis\u00eb do vazhdojn\u00eb t\u00eb priten dit\u00eb pas dite. \u00cbsht\u00eb e v\u00ebrtet\u00eb q\u00eb n\u00eb Shqip\u00ebri brenda Policis\u00eb s\u00eb Shtetit \u00ebsht\u00eb trash\u00ebguar nj\u00eb kancer q\u00eb ka \u00e7uar dhe n\u00eb humbjen e jet\u00ebs s\u00eb punonj\u00ebsve t\u00eb policis\u00eb\u2026t\u00eb gjith\u00eb e mbajn\u00eb mend 7 gushtin e 2009 kur 4 punonj\u00ebs t\u00eb policis\u00eb s\u00eb Shtetit u vran\u00eb p\u00ebr shkak t\u00eb rrjedhjes s\u00eb informacionit. Kjo \u00ebsht\u00eb nj\u00eb p\u00ebrpjekje q\u00eb duhet t\u00eb intensifikohet. E v\u00ebrteta \u00ebsht\u00eb q\u00eb vet\u00ebpastrimi n\u00eb Policin\u00eb e Shtetit po jep rezultate. Gjat\u00eb gushtit kemi pasur 3 punonj\u00ebs policie t\u00eb arrestuar pas hetimeve nga AMP. Kemi plot hetime t\u00eb tjera n\u00eb proces dhe p\u00ebr disa shqet\u00ebsime t\u00eb ngritura n\u00eb publik, ku \u00e7do lloj forme dhe \u00e7do lloj aksesi i nj\u00eb punonj\u00ebsi policie n\u00eb rrjete t\u00eb caktuara ose n\u00eb komunikime t\u00eb caktuara me element\u00eb kriminal\u00eb \u00ebsht\u00eb thyerje e r\u00ebnd\u00eb e kodit etik pa hyr\u00eb n\u00eb parashikimet e kodit penal.<\/em><\/span><\/p>\n<p><span style=\"color: #000000;\"><em>Kodi etik dhe pse ishte aty prej vitesh kishte shum\u00eb vite q\u00eb nuk zbatohej si\u00e7 duhej. Sot kodi etik \u00ebsht\u00eb n\u00eb hyrje t\u00eb \u00e7do komisariati dhe drejtorie. Nuk do tolerohet asnj\u00eb punonj\u00ebs policie p\u00ebr thyerje t\u00eb \u00e7do pike t\u00eb atij kodi. Gjat\u00eb korrikut kemi pasur nj\u00eb rast, kur nj\u00eb prej pikave t\u00eb kodit etik \u00ebsht\u00eb thyer dhe punonj\u00ebsi nuk \u00ebsht\u00eb m\u00eb pjes\u00eb e organizat\u00ebs s\u00eb policis\u00eb s\u00eb Shtetit.<\/em><\/span><\/p>\n<p><span style=\"color: #000000;\"><strong>A \u00ebsht\u00eb funksional sistemi TIMS n\u00eb \u00e7do pik\u00eb kufitare? N\u00eb qoft\u00eb se fakti nuk ka ndodhur, pse ka shkuar n\u00eb prokurori \u00e7\u00ebshtja?<\/strong><\/span><\/p>\n<p><span style=\"color: #000000;\"><strong>Balla<\/strong>: <em>Shqip\u00ebria \u00ebsht\u00eb sulmuar nga nj\u00eb sulm kibernetik n\u00eb ver\u00ebn e vitit 2022 dhe nga ai moment natyrsh\u00ebm q\u00eb t\u00eb gjitha institucionet po marrin masa p\u00ebr t\u00eb rritur digat mbrojt\u00ebse nga \u00e7do lloj forme e sulmeve kibernetike. Nuk jemi i vetmi vend. SHBA-t\u00eb kan\u00eb asgj\u00ebsuar nj\u00eb prej bandave, hakerave m\u00eb t\u00eb m\u00ebdhenj. Nuk ekziston asnj\u00eb prej atyre shqet\u00ebsimeve q\u00eb gjoja ka pasur rrjedhje t\u00eb t\u00eb dh\u00ebnave nga sistemi TIMS. E v\u00ebrteta \u00ebsht\u00eb q\u00eb nd\u00ebrsa nj\u00eb ekip i ri brenda Drejtoris\u00eb s\u00eb P\u00ebrgjithshme t\u00eb Policis\u00eb nga qershori ka marr\u00eb p\u00ebrsip\u00ebr nj\u00eb ndryshim t\u00ebr\u00ebsor t\u00eb m\u00ebnyr\u00ebs s\u00eb administrimit n\u00eb aspektin teknik dhe t\u00eb siguris\u00eb, natyrsh\u00ebm ndodh q\u00eb ata jan\u00eb larguar mund t\u00eb ken\u00eb kritika dhe ankesa, mund t\u00eb ngren\u00eb dhe dyshime p\u00ebr pun\u00ebn q\u00eb b\u00ebjn\u00eb ata q\u00eb kan\u00eb marr\u00eb p\u00ebrsip\u00ebr t\u00eb b\u00ebjn\u00eb k\u00ebto ndryshime. Dua t\u00eb garantoj \u00e7do qytetar se asnj\u00eb e dh\u00ebn\u00eb nga TIMS nuk ka rrjedhur dhe nuk ka pasur asnj\u00eb problematik\u00eb.<\/em><\/span><\/p>\n<p><span style=\"color: #000000;\"><em>Nuk \u00ebsht\u00eb e v\u00ebrtet\u00eb q\u00eb ka nj\u00eb kall\u00ebzim, por un\u00eb kam k\u00ebrkuar q\u00eb t\u00eb dh\u00ebnat q\u00eb ka disponuar AMP t\u00eb vler\u00ebsohen dhe nga ana e Prokuroris\u00eb n\u00ebse ka ndonj\u00eb element. Ky \u00ebsht\u00eb nj\u00eb standard i ri q\u00eb do t\u00eb vendoset n\u00eb t\u00eb gjitha strukturat e var\u00ebsis\u00eb ku un\u00eb kam nderin t\u00eb drejtoj.<\/em><\/span><\/p>\n<p><span style=\"color: #000000;\"><em>Dhe un\u00eb jam informuar sikurse \u00ebsht\u00eb informuar SPAK nga punonj\u00ebs t\u00eb caktuar q\u00eb kishin ngritur k\u00ebt\u00eb shqet\u00ebsim. Besoj se ky standard i ri do t\u00eb respektohet.<\/em><\/span><\/p>\n","protected":false,"gt_translate_keys":[{"key":"rendered","format":"html"}]},"excerpt":{"rendered":"<p>Gjat\u00eb fjal\u00ebs s\u00eb tij pas mbledhjes s\u00eb qeveris\u00eb, ministri i Brendsh\u00ebm Taulant Balla deklaroi se nuk ka rrjedhje t\u00eb t\u00eb dh\u00ebnave nga sistemi TIMS. Balla tha se e v\u00ebrteta \u00ebsht\u00eb se nj\u00eb ekip i ri brenda Drejtoris\u00eb s\u00eb P\u00ebrgjithshme t\u00eb Policis\u00eb nga qershori ka marr\u00eb p\u00ebrsip\u00ebr nj\u00eb ndryshim t\u00ebr\u00ebsor t\u00eb m\u00ebnyr\u00ebs s\u00eb administrimit n\u00eb aspektin [&hellip;]<\/p>\n","protected":false,"gt_translate_keys":[{"key":"rendered","format":"html"}]},"author":30,"featured_media":613659,"comment_status":"closed","ping_status":"closed","sticky":false,"template":"","format":"standard","meta":{"footnotes":""},"categories":[65],"tags":[],"class_list":["post-613658","post","type-post","status-publish","format-standard","has-post-thumbnail","hentry","category-lajme"],"gt_translate_keys":[{"key":"link","format":"url"}],"_links":{"self":[{"href":"https:\/\/www.hashtag.al\/index.php\/wp-json\/wp\/v2\/posts\/613658","targetHints":{"allow":["GET"]}}],"collection":[{"href":"https:\/\/www.hashtag.al\/index.php\/wp-json\/wp\/v2\/posts"}],"about":[{"href":"https:\/\/www.hashtag.al\/index.php\/wp-json\/wp\/v2\/types\/post"}],"author":[{"embeddable":true,"href":"https:\/\/www.hashtag.al\/index.php\/wp-json\/wp\/v2\/users\/30"}],"replies":[{"embeddable":true,"href":"https:\/\/www.hashtag.al\/index.php\/wp-json\/wp\/v2\/comments?post=613658"}],"version-history":[{"count":0,"href":"https:\/\/www.hashtag.al\/index.php\/wp-json\/wp\/v2\/posts\/613658\/revisions"}],"wp:featuredmedia":[{"embeddable":true,"href":"https:\/\/www.hashtag.al\/index.php\/wp-json\/wp\/v2\/media\/613659"}],"wp:attachment":[{"href":"https:\/\/www.hashtag.al\/index.php\/wp-json\/wp\/v2\/media?parent=613658"}],"wp:term":[{"taxonomy":"category","embeddable":true,"href":"https:\/\/www.hashtag.al\/index.php\/wp-json\/wp\/v2\/categories?post=613658"},{"taxonomy":"post_tag","embeddable":true,"href":"https:\/\/www.hashtag.al\/index.php\/wp-json\/wp\/v2\/tags?post=613658"}],"curies":[{"name":"wp","href":"https:\/\/api.w.org\/{rel}","templated":true}]}}