{"id":613286,"date":"2023-08-28T14:46:40","date_gmt":"2023-08-28T12:46:40","guid":{"rendered":"https:\/\/www.hashtag.al\/?p=613286"},"modified":"2023-08-28T14:46:40","modified_gmt":"2023-08-28T12:46:40","slug":"kater-emigrante-mbyten-ne-ishullin-grek-lesbos","status":"publish","type":"post","link":"https:\/\/www.hashtag.al\/index.php\/2023\/08\/28\/kater-emigrante-mbyten-ne-ishullin-grek-lesbos\/","title":{"rendered":"Kat\u00ebr emigrant\u00eb mbyten n\u00eb ishullin grek Lesbos","gt_translate_keys":[{"key":"rendered","format":"text"}]},"content":{"rendered":"<p><a href=\"https:\/\/www.hashtag.al\/wp-content\/uploads\/2023\/08\/Screenshot-2023-08-28-143047.png\"><img loading=\"lazy\" decoding=\"async\" class=\"aligncenter size-full wp-image-613287\" src=\"https:\/\/www.hashtag.al\/wp-content\/uploads\/2023\/08\/Screenshot-2023-08-28-143047.png\" alt=\"\" width=\"1172\" height=\"686\" srcset=\"https:\/\/www.hashtag.al\/wp-content\/uploads\/2023\/08\/Screenshot-2023-08-28-143047.png 1172w, https:\/\/www.hashtag.al\/wp-content\/uploads\/2023\/08\/Screenshot-2023-08-28-143047-300x176.png 300w, https:\/\/www.hashtag.al\/wp-content\/uploads\/2023\/08\/Screenshot-2023-08-28-143047-1024x599.png 1024w, https:\/\/www.hashtag.al\/wp-content\/uploads\/2023\/08\/Screenshot-2023-08-28-143047-768x450.png 768w, https:\/\/www.hashtag.al\/wp-content\/uploads\/2023\/08\/Screenshot-2023-08-28-143047-250x145.png 250w\" sizes=\"auto, (max-width: 1172px) 100vw, 1172px\" \/><\/a><\/p>\n<p><span style=\"color: #000000;\">Kat\u00ebr emigrant\u00eb jan\u00eb mbytur n\u00eb ishullin grek, Lesbos, n\u00eb p\u00ebrpjekje p\u00ebr ta kaluar detin nga Turqia, njoftoi t\u00eb h\u00ebn\u00ebn Roja Bregdetare e Greqis\u00eb.<\/span><\/p>\n<p><span style=\"color: #000000;\">Roja Bregdetare shtoi se 18 emigrant\u00eb t\u00eb tjer\u00eb u shp\u00ebtuan.<\/span><\/p>\n<p><span style=\"color: #000000;\">Ajo nuk dha holl\u00ebsi t\u00eb tjer\u00eb rreth k\u00ebtij rasti.<\/span><\/p>\n<p><span style=\"color: #000000;\">M\u00eb 19 gusht, autoritetet greke i shp\u00ebtuan rreth 60 emigrant\u00eb t\u00eb cil\u00ebt po p\u00ebrpiqeshin t\u00eb kalonin nga Turqia n\u00eb ishujt lindor t\u00eb Detit Egje me mjete lundrimi gomone.<\/span><\/p>\n<p><span style=\"color: #000000;\">Numri i emigrant\u00ebve q\u00eb kan\u00eb mb\u00ebrritur n\u00eb Greqi me anije t\u00eb tilla t\u00eb ofruara nga trafikant\u00ebt, \u00ebsht\u00eb rritur duksh\u00ebm n\u00eb jav\u00ebt e fundit.<\/span><\/p>\n<p><span style=\"color: #000000;\">M\u00eb shum\u00eb se 15.600 njer\u00ebz kan\u00eb mb\u00ebrritur n\u00eb Greqi k\u00ebt\u00eb vit, sipas t\u00eb dh\u00ebnave t\u00eb agjencis\u00eb s\u00eb Kombeve t\u00eb Bashkuara p\u00ebr refugjat\u00eb, UNFCR, gati 12.000 prej tyre p\u00ebrmes detit, p\u00ebrcjell <span style=\"color: #0000ff;\"><a style=\"color: #0000ff;\" href=\"https:\/\/www.evropaelire.org\/a\/kater-emigrante-mbyten-lesbos\/32567702.html\">REL.<\/a><\/span><\/span><\/p>\n<p><span style=\"color: #000000;\">N\u00eb qershor, qindra njer\u00ebz u mbyt\u00ebn n\u00eb uj\u00ebrat nd\u00ebrkomb\u00ebtare n\u00eb Greqi, pasi barka e peshkimit, me t\u00eb cil\u00ebn po udh\u00ebtonin, u p\u00ebrmbys rrug\u00ebs p\u00ebr n\u00eb Itali nga Libia.<\/span><\/p>\n<p><span style=\"color: #000000;\">Zyrtar\u00ebt grek\u00eb i kan\u00eb faj\u00ebsuar konfliktet n\u00eb Afrik\u00eb p\u00ebr rritjen e numrit t\u00eb emigrant\u00ebve, i cili e ka shtuar trysnin mbi rrug\u00ebt kryesore t\u00eb trafikimit n\u00eb Evrop\u00eb, si dhe n\u00eb mbi nj\u00eb industri n\u00eb rritje t\u00eb tregut t\u00eb zi n\u00eb Turqi, e cila prodhon anije gomone t\u00eb cil\u00ebsis\u00eb s\u00eb ul\u00ebt. Kushtet e mira verore p\u00ebr lundrim kan\u00eb kontribuuar n\u00eb rritjen e numrit t\u00eb emigrant\u00ebve, po ashtu.<\/span><\/p>\n<p><span style=\"color: #000000;\">Qeveria e Greqis\u00eb thot\u00eb se nuk e ka ndryshuar politik\u00ebn e vet p\u00ebr interceptimin e anijeve n\u00eb det, i cili e kishte ulur duksh\u00ebm numrin e emigrant\u00ebve n\u00eb vitet e fundit.<\/span><\/p>\n<p><span style=\"color: #000000;\">Grupet p\u00ebr t\u00eb drejtat e njeriut e akuzojn\u00eb Greqin\u00eb se b\u00ebn d\u00ebbime t\u00eb jasht\u00ebligjshme verore n\u00eb Turqi, t\u00eb njer\u00ebzve q\u00eb ia dalin t\u00eb arrijn\u00eb n\u00eb bregdetet greke. Athina e mohon fuqish\u00ebm k\u00ebt\u00eb.<\/span><\/p>\n","protected":false,"gt_translate_keys":[{"key":"rendered","format":"html"}]},"excerpt":{"rendered":"<p>Kat\u00ebr emigrant\u00eb jan\u00eb mbytur n\u00eb ishullin grek, Lesbos, n\u00eb p\u00ebrpjekje p\u00ebr ta kaluar detin nga Turqia, njoftoi t\u00eb h\u00ebn\u00ebn Roja Bregdetare e Greqis\u00eb. Roja Bregdetare shtoi se 18 emigrant\u00eb t\u00eb tjer\u00eb u shp\u00ebtuan. Ajo nuk dha holl\u00ebsi t\u00eb tjer\u00eb rreth k\u00ebtij rasti. M\u00eb 19 gusht, autoritetet greke i shp\u00ebtuan rreth 60 emigrant\u00eb t\u00eb cil\u00ebt po [&hellip;]<\/p>\n","protected":false,"gt_translate_keys":[{"key":"rendered","format":"html"}]},"author":30,"featured_media":613287,"comment_status":"closed","ping_status":"closed","sticky":false,"template":"","format":"standard","meta":{"footnotes":""},"categories":[6],"tags":[],"class_list":["post-613286","post","type-post","status-publish","format-standard","has-post-thumbnail","hentry","category-nderkombetare"],"gt_translate_keys":[{"key":"link","format":"url"}],"_links":{"self":[{"href":"https:\/\/www.hashtag.al\/index.php\/wp-json\/wp\/v2\/posts\/613286","targetHints":{"allow":["GET"]}}],"collection":[{"href":"https:\/\/www.hashtag.al\/index.php\/wp-json\/wp\/v2\/posts"}],"about":[{"href":"https:\/\/www.hashtag.al\/index.php\/wp-json\/wp\/v2\/types\/post"}],"author":[{"embeddable":true,"href":"https:\/\/www.hashtag.al\/index.php\/wp-json\/wp\/v2\/users\/30"}],"replies":[{"embeddable":true,"href":"https:\/\/www.hashtag.al\/index.php\/wp-json\/wp\/v2\/comments?post=613286"}],"version-history":[{"count":0,"href":"https:\/\/www.hashtag.al\/index.php\/wp-json\/wp\/v2\/posts\/613286\/revisions"}],"wp:featuredmedia":[{"embeddable":true,"href":"https:\/\/www.hashtag.al\/index.php\/wp-json\/wp\/v2\/media\/613287"}],"wp:attachment":[{"href":"https:\/\/www.hashtag.al\/index.php\/wp-json\/wp\/v2\/media?parent=613286"}],"wp:term":[{"taxonomy":"category","embeddable":true,"href":"https:\/\/www.hashtag.al\/index.php\/wp-json\/wp\/v2\/categories?post=613286"},{"taxonomy":"post_tag","embeddable":true,"href":"https:\/\/www.hashtag.al\/index.php\/wp-json\/wp\/v2\/tags?post=613286"}],"curies":[{"name":"wp","href":"https:\/\/api.w.org\/{rel}","templated":true}]}}