{"id":613281,"date":"2023-08-28T14:27:59","date_gmt":"2023-08-28T12:27:59","guid":{"rendered":"https:\/\/www.hashtag.al\/?p=613281"},"modified":"2023-08-28T14:30:10","modified_gmt":"2023-08-28T12:30:10","slug":"kadastra-rama-publikon-foton-e-e-sistemit-te-ri-digjital-po-zhbehet-perdite-rrjeti-i-seksereve","status":"publish","type":"post","link":"https:\/\/www.hashtag.al\/index.php\/2023\/08\/28\/kadastra-rama-publikon-foton-e-e-sistemit-te-ri-digjital-po-zhbehet-perdite-rrjeti-i-seksereve\/","title":{"rendered":"Kadastra, Rama publikon foton e e sistemit t\u00eb ri digjital: Po zhb\u00ebhet p\u00ebrdit\u00eb rrjeti i sekser\u00ebve","gt_translate_keys":[{"key":"rendered","format":"text"}]},"content":{"rendered":"<p><span style=\"color: #000000;\"><a style=\"color: #000000;\" href=\"https:\/\/www.hashtag.al\/wp-content\/uploads\/2023\/08\/ipiccy_image-7.jpg\"><img loading=\"lazy\" decoding=\"async\" class=\"aligncenter size-full wp-image-613282\" src=\"https:\/\/www.hashtag.al\/wp-content\/uploads\/2023\/08\/ipiccy_image-7.jpg\" alt=\"\" width=\"1920\" height=\"1200\" srcset=\"https:\/\/www.hashtag.al\/wp-content\/uploads\/2023\/08\/ipiccy_image-7.jpg 1920w, https:\/\/www.hashtag.al\/wp-content\/uploads\/2023\/08\/ipiccy_image-7-300x188.jpg 300w, https:\/\/www.hashtag.al\/wp-content\/uploads\/2023\/08\/ipiccy_image-7-1024x640.jpg 1024w, https:\/\/www.hashtag.al\/wp-content\/uploads\/2023\/08\/ipiccy_image-7-768x480.jpg 768w, https:\/\/www.hashtag.al\/wp-content\/uploads\/2023\/08\/ipiccy_image-7-1536x960.jpg 1536w\" sizes=\"auto, (max-width: 1920px) 100vw, 1920px\" \/><\/a><\/span><\/p>\n<p><span style=\"color: #000000;\">Kryeministri Edi Rama ka postuar nj\u00eb foto t\u00eb sistemit t\u00eb ri dixhital t\u00eb Kadastr\u00ebs si shenj\u00eb e fluksit t\u00eb pun\u00ebs q\u00eb hedh posht\u00eb akuzat se ky sistem nuk funksionon.<\/span><\/p>\n<p><span style=\"color: #000000;\">Rama shkruan se p\u00ebrmes k\u00ebtij sistemi, nuk funksionojn\u00eb m\u00eb nd\u00ebrhyrjet apo shanset p\u00ebr rryshfet.<\/span><\/p>\n<p><span style=\"color: #000000;\"><em>\u00a0\u201cKjo \u00ebsht\u00eb vet\u00ebm nj\u00eb fotografi e fluksit t\u00eb pun\u00ebs s\u00eb sistemit digjital, ku mund t\u00eb shihen qart\u00eb datat hyr\u00ebse e dal\u00ebse t\u00eb aplikimeve, pa sportel, pa kontakt fizik me punonj\u00ebsit, pa mund\u00ebsi nd\u00ebrhyrjeje nga lart, posht\u00eb, anash p\u00ebr t\u00eb marr\u00eb e dh\u00ebn\u00eb favore, pa shans p\u00ebr rryshfet sepse sistemi nuk ha mik dhe pa t\u00eb gjitha sek\u00eblldit\u00eb e tmerret e t\u00eb kaluar\u00ebs n\u00eb marrjen e sh\u00ebrbimit<\/em>\u201d shkruan Rama.<\/span><\/p>\n<p><span style=\"color: #000000;\">Rama vijon se vazhdon papushim puna p\u00ebr p\u00ebrmir\u00ebsimin dhe rritjen e efi\u00e7enc\u00ebs s\u00eb sistemit t\u00eb ri, i cili ka ende problemet e veta.<\/span><\/p>\n<p><span style=\"color: #000000;\"><em>&#8220;Nd\u00ebrkoh\u00eb q\u00eb po, e v\u00ebrtet\u00eb, s\u2019funksionon m\u00eb sistemi i vjet\u00ebr, zhb\u00ebhet p\u00ebrdit\u00eb rrjeti i sekser\u00ebve, influencave t\u00eb llojllojshme, buburrecave e minjve brenda kadastr\u00ebs, t\u00eb cil\u00ebt vazhdojn\u00eb t\u00eb dor\u00ebhiqen prej tharjes s\u00eb burimeve t\u00eb pista, vazhdon papushim puna p\u00ebr p\u00ebrmir\u00ebsimin dhe rritjen e efi\u00e7enc\u00ebs s\u00eb sistemit t\u00eb ri, i cili ka ende problemet e veta, por edhe k\u00ebshtu si\u00e7 \u00ebsht\u00eb ka dh\u00ebn\u00eb dy prova t\u00eb m\u00ebdha, si nj\u00eb sistem ARMIQ\u00cbSOR ME KORRUPSIONIN dhe MIQ\u00cbSOR ME QYTETARIN&#8221;<\/em><\/span><\/p>\n<p>&nbsp;<\/p>\n<p><img decoding=\"async\" src=\"https:\/\/shqiptarja.com\/uploads\/780x440\/1693222860_ramakadastra.jpg\" alt=\"Kadastra, Rama publikon foton e e sistemit t\u00eb ri digjital n\u00eb pun\u00eb: Po zhb\u00ebhet p\u00ebrdit\u00eb rrjeti i sekser\u00ebve \" \/><\/p>\n","protected":false,"gt_translate_keys":[{"key":"rendered","format":"html"}]},"excerpt":{"rendered":"<p>Kryeministri Edi Rama ka postuar nj\u00eb foto t\u00eb sistemit t\u00eb ri dixhital t\u00eb Kadastr\u00ebs si shenj\u00eb e fluksit t\u00eb pun\u00ebs q\u00eb hedh posht\u00eb akuzat se ky sistem nuk funksionon. Rama shkruan se p\u00ebrmes k\u00ebtij sistemi, nuk funksionojn\u00eb m\u00eb nd\u00ebrhyrjet apo shanset p\u00ebr rryshfet. \u00a0\u201cKjo \u00ebsht\u00eb vet\u00ebm nj\u00eb fotografi e fluksit t\u00eb pun\u00ebs s\u00eb sistemit digjital, [&hellip;]<\/p>\n","protected":false,"gt_translate_keys":[{"key":"rendered","format":"html"}]},"author":30,"featured_media":613282,"comment_status":"closed","ping_status":"closed","sticky":false,"template":"","format":"standard","meta":{"footnotes":""},"categories":[65],"tags":[],"class_list":["post-613281","post","type-post","status-publish","format-standard","has-post-thumbnail","hentry","category-lajme"],"gt_translate_keys":[{"key":"link","format":"url"}],"_links":{"self":[{"href":"https:\/\/www.hashtag.al\/index.php\/wp-json\/wp\/v2\/posts\/613281","targetHints":{"allow":["GET"]}}],"collection":[{"href":"https:\/\/www.hashtag.al\/index.php\/wp-json\/wp\/v2\/posts"}],"about":[{"href":"https:\/\/www.hashtag.al\/index.php\/wp-json\/wp\/v2\/types\/post"}],"author":[{"embeddable":true,"href":"https:\/\/www.hashtag.al\/index.php\/wp-json\/wp\/v2\/users\/30"}],"replies":[{"embeddable":true,"href":"https:\/\/www.hashtag.al\/index.php\/wp-json\/wp\/v2\/comments?post=613281"}],"version-history":[{"count":0,"href":"https:\/\/www.hashtag.al\/index.php\/wp-json\/wp\/v2\/posts\/613281\/revisions"}],"wp:featuredmedia":[{"embeddable":true,"href":"https:\/\/www.hashtag.al\/index.php\/wp-json\/wp\/v2\/media\/613282"}],"wp:attachment":[{"href":"https:\/\/www.hashtag.al\/index.php\/wp-json\/wp\/v2\/media?parent=613281"}],"wp:term":[{"taxonomy":"category","embeddable":true,"href":"https:\/\/www.hashtag.al\/index.php\/wp-json\/wp\/v2\/categories?post=613281"},{"taxonomy":"post_tag","embeddable":true,"href":"https:\/\/www.hashtag.al\/index.php\/wp-json\/wp\/v2\/tags?post=613281"}],"curies":[{"name":"wp","href":"https:\/\/api.w.org\/{rel}","templated":true}]}}