{"id":613277,"date":"2023-08-28T14:05:04","date_gmt":"2023-08-28T12:05:04","guid":{"rendered":"https:\/\/www.hashtag.al\/?p=613277"},"modified":"2023-08-28T14:06:40","modified_gmt":"2023-08-28T12:06:40","slug":"macroni-paralajmeron-masa-ndaj-kosoves-e-serbise-nese-nuk-sillen-me-pergjegjesi","status":"publish","type":"post","link":"https:\/\/www.hashtag.al\/index.php\/2023\/08\/28\/macroni-paralajmeron-masa-ndaj-kosoves-e-serbise-nese-nuk-sillen-me-pergjegjesi\/","title":{"rendered":"Macron paralajm\u00ebron masa ndaj Kosov\u00ebs e Serbis\u00eb n\u00ebse nuk \u201csillen me p\u00ebrgjegj\u00ebsi\u201d","gt_translate_keys":[{"key":"rendered","format":"text"}]},"content":{"rendered":"<p><span style=\"color: #000000;\"><a href=\"https:\/\/www.hashtag.al\/wp-content\/uploads\/2022\/10\/macron.png\"><img loading=\"lazy\" decoding=\"async\" class=\"aligncenter size-full wp-image-556206\" src=\"https:\/\/www.hashtag.al\/wp-content\/uploads\/2022\/10\/macron.png\" alt=\"\" width=\"1342\" height=\"816\" srcset=\"https:\/\/www.hashtag.al\/wp-content\/uploads\/2022\/10\/macron.png 1342w, https:\/\/www.hashtag.al\/wp-content\/uploads\/2022\/10\/macron-300x182.png 300w, https:\/\/www.hashtag.al\/wp-content\/uploads\/2022\/10\/macron-1024x623.png 1024w, https:\/\/www.hashtag.al\/wp-content\/uploads\/2022\/10\/macron-768x467.png 768w\" sizes=\"auto, (max-width: 1342px) 100vw, 1342px\" \/><\/a><\/span><\/p>\n<p><span style=\"color: #000000;\">Presidenti i Franc\u00ebs, Emmanuel Macron, ka paralajm\u00ebruar Kosov\u00ebn dhe Serbin\u00eb se do t\u00eb ket\u00eb masa t\u00eb tjera ndaj dy vendeve n\u00ebse nuk sillen me p\u00ebrgjegj\u00ebsi.<\/span><\/p>\n<p><span style=\"color: #000000;\">Gjat\u00eb nj\u00eb fjalimi t\u00eb zhvilluara para ambasador\u00ebve, Macron ka th\u00ebn\u00eb se marr\u00ebveshja e Brukselit q\u00eb njihet si propozimi \u201cfranko-gjerman\u201d \u00ebsht\u00eb rruga e duhur dhe se duhet angazhim i pal\u00ebve.<\/span><\/p>\n<p><span style=\"color: #000000;\">Ai ka b\u00ebr\u00eb thirrje q\u00eb pal\u00ebt t\u00eb riangazhohen edhe p\u00ebr organizim t\u00eb zgjedhjeve t\u00eb reja n\u00eb kat\u00ebr komunat n\u00eb veri t\u00eb Kosov\u00ebs, serb\u00ebt t\u00eb kthehen n\u00eb institucione t\u00eb Kosov\u00ebs, duke p\u00ebrmendur edhe formimin e Asociacionit.<\/span><\/p>\n<p><span style=\"color: #000000;\"><em>\u201cFranca e Gjermania kan\u00eb b\u00ebr\u00eb zotime sa i p\u00ebrket politikave t\u00eb vizave dhe \u00e7\u00ebshtje tjera ekonomike, n\u00ebse pal\u00ebt d\u00ebshtojn\u00eb t\u00eb sillen me p\u00ebrgjegj\u00ebsi. Duhet t\u00eb jemi vigjilent\u00eb ve\u00e7an\u00ebrisht n\u00eb k\u00ebt\u00eb aspekt, ve\u00e7an\u00ebrisht kur b\u00ebhet fjal\u00eb p\u00ebr stabilitetin n\u00eb Ballkanin Per\u00ebndimor\u201d,<\/em> tha Macron.<\/span><\/p>\n<p>&nbsp;<\/p>\n<p><img decoding=\"async\" src=\"https:\/\/www.balkanweb.com\/wp-content\/uploads\/2023\/08\/macron.jpg\" alt=\"foto galeri \" \/><\/p>\n","protected":false,"gt_translate_keys":[{"key":"rendered","format":"html"}]},"excerpt":{"rendered":"<p>Presidenti i Franc\u00ebs, Emmanuel Macron, ka paralajm\u00ebruar Kosov\u00ebn dhe Serbin\u00eb se do t\u00eb ket\u00eb masa t\u00eb tjera ndaj dy vendeve n\u00ebse nuk sillen me p\u00ebrgjegj\u00ebsi. Gjat\u00eb nj\u00eb fjalimi t\u00eb zhvilluara para ambasador\u00ebve, Macron ka th\u00ebn\u00eb se marr\u00ebveshja e Brukselit q\u00eb njihet si propozimi \u201cfranko-gjerman\u201d \u00ebsht\u00eb rruga e duhur dhe se duhet angazhim i pal\u00ebve. Ai [&hellip;]<\/p>\n","protected":false,"gt_translate_keys":[{"key":"rendered","format":"html"}]},"author":30,"featured_media":556206,"comment_status":"closed","ping_status":"closed","sticky":false,"template":"","format":"standard","meta":{"footnotes":""},"categories":[149],"tags":[],"class_list":["post-613277","post","type-post","status-publish","format-standard","has-post-thumbnail","hentry","category-kosoverajon"],"gt_translate_keys":[{"key":"link","format":"url"}],"_links":{"self":[{"href":"https:\/\/www.hashtag.al\/index.php\/wp-json\/wp\/v2\/posts\/613277","targetHints":{"allow":["GET"]}}],"collection":[{"href":"https:\/\/www.hashtag.al\/index.php\/wp-json\/wp\/v2\/posts"}],"about":[{"href":"https:\/\/www.hashtag.al\/index.php\/wp-json\/wp\/v2\/types\/post"}],"author":[{"embeddable":true,"href":"https:\/\/www.hashtag.al\/index.php\/wp-json\/wp\/v2\/users\/30"}],"replies":[{"embeddable":true,"href":"https:\/\/www.hashtag.al\/index.php\/wp-json\/wp\/v2\/comments?post=613277"}],"version-history":[{"count":0,"href":"https:\/\/www.hashtag.al\/index.php\/wp-json\/wp\/v2\/posts\/613277\/revisions"}],"wp:featuredmedia":[{"embeddable":true,"href":"https:\/\/www.hashtag.al\/index.php\/wp-json\/wp\/v2\/media\/556206"}],"wp:attachment":[{"href":"https:\/\/www.hashtag.al\/index.php\/wp-json\/wp\/v2\/media?parent=613277"}],"wp:term":[{"taxonomy":"category","embeddable":true,"href":"https:\/\/www.hashtag.al\/index.php\/wp-json\/wp\/v2\/categories?post=613277"},{"taxonomy":"post_tag","embeddable":true,"href":"https:\/\/www.hashtag.al\/index.php\/wp-json\/wp\/v2\/tags?post=613277"}],"curies":[{"name":"wp","href":"https:\/\/api.w.org\/{rel}","templated":true}]}}