{"id":613226,"date":"2023-08-28T12:45:00","date_gmt":"2023-08-28T10:45:00","guid":{"rendered":"https:\/\/www.hashtag.al\/?p=613226"},"modified":"2023-08-28T12:45:00","modified_gmt":"2023-08-28T10:45:00","slug":"inceneratoret-berisha-rama-dhe-veliaj-pergjegjesit-kryesore-te-zhdukjes-se-130-mln-eurove-te-inceneratorit-inekzistent-te-tiranes","status":"publish","type":"post","link":"https:\/\/www.hashtag.al\/index.php\/2023\/08\/28\/inceneratoret-berisha-rama-dhe-veliaj-pergjegjesit-kryesore-te-zhdukjes-se-130-mln-eurove-te-inceneratorit-inekzistent-te-tiranes\/","title":{"rendered":"Incenerator\u00ebt\/ Berisha: Rama dhe Veliaj p\u00ebrgjegj\u00ebsit kryesor\u00eb t\u00eb zhdukjes s\u00eb 130 mln eurove t\u00eb inceneratorit inekzistent t\u00eb Tiran\u00ebs","gt_translate_keys":[{"key":"rendered","format":"text"}]},"content":{"rendered":"<p><span style=\"color: #000000;\"><a href=\"https:\/\/www.hashtag.al\/wp-content\/uploads\/2023\/08\/Screenshot-2023-08-28-124303.png\"><img loading=\"lazy\" decoding=\"async\" class=\"aligncenter size-full wp-image-613264\" src=\"https:\/\/www.hashtag.al\/wp-content\/uploads\/2023\/08\/Screenshot-2023-08-28-124303.png\" alt=\"\" width=\"790\" height=\"383\" srcset=\"https:\/\/www.hashtag.al\/wp-content\/uploads\/2023\/08\/Screenshot-2023-08-28-124303.png 790w, https:\/\/www.hashtag.al\/wp-content\/uploads\/2023\/08\/Screenshot-2023-08-28-124303-300x145.png 300w, https:\/\/www.hashtag.al\/wp-content\/uploads\/2023\/08\/Screenshot-2023-08-28-124303-768x372.png 768w\" sizes=\"auto, (max-width: 790px) 100vw, 790px\" \/><\/a><\/span><\/p>\n<p><span style=\"color: #000000;\">Ish-kryeministri Sali Berisha zhvilloi sot nj\u00eb konferenc\u00eb p\u00ebr mediat, ku akuzoi s\u00ebrish kryeministrin Edi Rama si p\u00ebrgjegj\u00ebsin kryesor t\u00eb afer\u00ebs s\u00eb incenerator\u00ebve.<\/span><\/p>\n<p><span style=\"color: #000000;\">Berisha tha se n\u00eb daljen e tij p\u00ebr mediat, Rama i vler\u00ebsoi krimet e incenerator\u00ebve, thjesht si mang\u00ebsi n\u00eb nd\u00ebrtime.<\/span><\/p>\n<p><span style=\"color: #000000;\">Krahas inceneratorit t\u00eb Elbasanit, ku Berisha tha se jan\u00eb vjedhur 28 mln euro, ai akuzoi edhe deputet\u00ebt socialist\u00eb, t\u00eb cil\u00ebt jan\u00eb shprehur gjat\u00eb nj\u00eb vizite n\u00eb qytetin e Fierit, se inceneratori i k\u00ebtij qyteti \u00ebsht\u00eb funksional.<\/span><\/p>\n<p><span style=\"color: #000000;\">Ai vijoi se Rama dhe Veliaj jan\u00eb p\u00ebrgjegj\u00ebs kryesor\u00eb sepse jan\u00eb zhdukur 130 mln euro n\u00eb inceneratorin e Tiran\u00ebs i cili nuk egziston.<\/span><\/p>\n<p><span style=\"color: #000000;\"><em>\u00a0\u201cEdi Rama n\u00eb daljen e tij publike faktoi shqiptar\u00ebve se ai \u00ebsht\u00eb autori num\u00ebr nj\u00eb i vjedhjeve t\u00eb shekullit, vjedhjes s\u00eb incenerator\u00ebve dhe vjedhjes me PPP n\u00eb fush\u00ebn e sh\u00ebndet\u00ebsis\u00eb. T\u00eb shtun\u00ebn doli para gazetar\u00ebve p\u00ebr veprat penale m\u00eb t\u00eb r\u00ebnda, t\u00eb djeg\u00ebsve dhe t\u00eb sterilizimit t\u00eb sekuestruara si vepra krimi, duke vler\u00ebsuar krime t\u00eb sh\u00ebmtuara q\u00eb ka ndodhur me to, thjesht si mang\u00ebsi n\u00eb nd\u00ebrtime. Ai tha,- \u201cGj\u00ebra kan\u00eb ndodhur, ka pasur mang\u00ebsi dhe nevoja, Me mang\u00ebsi dhe nevoja Rama p\u00ebrpiqet t\u00eb mbyll\u00eb vjedhjen e dhe krimin e sh\u00ebmtuar me djeg\u00ebsin e Elbasanin ku u vodh\u00ebn 28 mln euro dhe tani ka ngelur\u00a0 nj\u00eb rrangall\u00eb pa funksion q\u00eb e d\u00ebshmoi djegia e malit t\u00eb plehrave n\u00eb Elbasan, dit\u00ebn kur Rama tha se ai ekziston. Deputet\u00eb socialist\u00eb mashtruan publikun kur b\u00ebn\u00eb nj\u00eb vizit\u00eb n\u00eb qytetin e Fierit dhe than\u00eb se djeg\u00ebsi funksionon. Edi Rama quajti mang\u00ebsi dhe nevoja vjedhjen n\u00eb gjasht\u00eb vite n\u00eb djeg\u00ebsin e Tiran\u00ebs. Rama dhe Veliaj jan\u00eb p\u00ebrgjegj\u00ebs kryesor sepse jan\u00eb zhdukur 130 mln euro dhe gjurm\u00eb t\u00eb djeg\u00ebsit t\u00eb Tiran\u00ebs nuk ekzistojn\u00eb\u201d, <\/em>tha ai.<\/span><\/p>\n","protected":false,"gt_translate_keys":[{"key":"rendered","format":"html"}]},"excerpt":{"rendered":"<p>Ish-kryeministri Sali Berisha zhvilloi sot nj\u00eb konferenc\u00eb p\u00ebr mediat, ku akuzoi s\u00ebrish kryeministrin Edi Rama si p\u00ebrgjegj\u00ebsin kryesor t\u00eb afer\u00ebs s\u00eb incenerator\u00ebve. Berisha tha se n\u00eb daljen e tij p\u00ebr mediat, Rama i vler\u00ebsoi krimet e incenerator\u00ebve, thjesht si mang\u00ebsi n\u00eb nd\u00ebrtime. Krahas inceneratorit t\u00eb Elbasanit, ku Berisha tha se jan\u00eb vjedhur 28 mln euro, [&hellip;]<\/p>\n","protected":false,"gt_translate_keys":[{"key":"rendered","format":"html"}]},"author":30,"featured_media":613264,"comment_status":"closed","ping_status":"closed","sticky":false,"template":"","format":"standard","meta":{"footnotes":""},"categories":[65],"tags":[],"class_list":["post-613226","post","type-post","status-publish","format-standard","has-post-thumbnail","hentry","category-lajme"],"gt_translate_keys":[{"key":"link","format":"url"}],"_links":{"self":[{"href":"https:\/\/www.hashtag.al\/index.php\/wp-json\/wp\/v2\/posts\/613226","targetHints":{"allow":["GET"]}}],"collection":[{"href":"https:\/\/www.hashtag.al\/index.php\/wp-json\/wp\/v2\/posts"}],"about":[{"href":"https:\/\/www.hashtag.al\/index.php\/wp-json\/wp\/v2\/types\/post"}],"author":[{"embeddable":true,"href":"https:\/\/www.hashtag.al\/index.php\/wp-json\/wp\/v2\/users\/30"}],"replies":[{"embeddable":true,"href":"https:\/\/www.hashtag.al\/index.php\/wp-json\/wp\/v2\/comments?post=613226"}],"version-history":[{"count":0,"href":"https:\/\/www.hashtag.al\/index.php\/wp-json\/wp\/v2\/posts\/613226\/revisions"}],"wp:featuredmedia":[{"embeddable":true,"href":"https:\/\/www.hashtag.al\/index.php\/wp-json\/wp\/v2\/media\/613264"}],"wp:attachment":[{"href":"https:\/\/www.hashtag.al\/index.php\/wp-json\/wp\/v2\/media?parent=613226"}],"wp:term":[{"taxonomy":"category","embeddable":true,"href":"https:\/\/www.hashtag.al\/index.php\/wp-json\/wp\/v2\/categories?post=613226"},{"taxonomy":"post_tag","embeddable":true,"href":"https:\/\/www.hashtag.al\/index.php\/wp-json\/wp\/v2\/tags?post=613226"}],"curies":[{"name":"wp","href":"https:\/\/api.w.org\/{rel}","templated":true}]}}