{"id":613171,"date":"2023-08-27T16:16:59","date_gmt":"2023-08-27T14:16:59","guid":{"rendered":"https:\/\/www.hashtag.al\/?p=613171"},"modified":"2023-08-27T16:16:59","modified_gmt":"2023-08-27T14:16:59","slug":"ishte-shpallur-ne-kerkim-per-plagosjen-e-nje-personi-ne-sarande-arrestohet-25-vjecari-ne-delvine","status":"publish","type":"post","link":"https:\/\/www.hashtag.al\/index.php\/2023\/08\/27\/ishte-shpallur-ne-kerkim-per-plagosjen-e-nje-personi-ne-sarande-arrestohet-25-vjecari-ne-delvine\/","title":{"rendered":"Ishte shpallur n\u00eb k\u00ebrkim p\u00ebr plagosjen e nj\u00eb personi n\u00eb Sarand\u00eb, arrestohet 25-vje\u00e7ari n\u00eb Delvin\u00eb","gt_translate_keys":[{"key":"rendered","format":"text"}]},"content":{"rendered":"<p><span style=\"color: #000000;\"><a style=\"color: #000000;\" href=\"https:\/\/www.hashtag.al\/wp-content\/uploads\/2023\/08\/policia-sarande-arrestim.jpg\"><img loading=\"lazy\" decoding=\"async\" class=\"aligncenter size-full wp-image-613173\" src=\"https:\/\/www.hashtag.al\/wp-content\/uploads\/2023\/08\/policia-sarande-arrestim.jpg\" alt=\"\" width=\"868\" height=\"490\" srcset=\"https:\/\/www.hashtag.al\/wp-content\/uploads\/2023\/08\/policia-sarande-arrestim.jpg 868w, https:\/\/www.hashtag.al\/wp-content\/uploads\/2023\/08\/policia-sarande-arrestim-300x169.jpg 300w, https:\/\/www.hashtag.al\/wp-content\/uploads\/2023\/08\/policia-sarande-arrestim-768x434.jpg 768w\" sizes=\"auto, (max-width: 868px) 100vw, 868px\" \/><\/a><\/span><\/p>\n<p><span style=\"color: #000000;\">Policia e Sarand\u00ebs, ka arrestuar nj\u00eb shtetas t\u00eb shpallur n\u00eb k\u00ebrkim p\u00ebr plagosjen e nj\u00eb tjetri. <\/span><\/p>\n<p><span style=\"color: #000000;\">Policia vuri n\u00eb pranga shtetasin Jani Rraku, 25 vje\u00e7, banues n\u00eb Kalas\u00eb, Delvin\u00eb.<\/span><\/p>\n<p><span style=\"color: #000000;\">25-vje\u00e7ari ishte shpallur n\u00eb k\u00ebrkim policor p\u00ebr plagosje dhe mbajtje t\u00eb arm\u00ebve t\u00eb ftohta, pasi dyshohet se p\u00ebr shkak t\u00eb nj\u00eb konflikti t\u00eb \u00e7astit, t\u00eb ndodhur n\u00eb sh\u00ebtitoren e Sarand\u00ebs, ky shtetas ka plagosur me thik\u00eb shtetasin Erion Xhuvani, 40 vje\u00e7, banues n\u00eb Sarand\u00eb, i cili \u00ebsht\u00eb jasht\u00eb rrezikut p\u00ebr jet\u00ebn.<\/span><\/p>\n<p><span style=\"color: #000000;\">Materialet procedurale i kaluan Prokuroris\u00eb pran\u00eb Gjykat\u00ebs s\u00eb Shkall\u00ebs s\u00eb Par\u00eb t\u00eb Juridiksionit t\u00eb P\u00ebrgjithsh\u00ebm Sarand\u00eb, p\u00ebr veprime t\u00eb m\u00ebtejshme.<\/span><\/p>\n","protected":false,"gt_translate_keys":[{"key":"rendered","format":"html"}]},"excerpt":{"rendered":"<p>Policia e Sarand\u00ebs, ka arrestuar nj\u00eb shtetas t\u00eb shpallur n\u00eb k\u00ebrkim p\u00ebr plagosjen e nj\u00eb tjetri. Policia vuri n\u00eb pranga shtetasin Jani Rraku, 25 vje\u00e7, banues n\u00eb Kalas\u00eb, Delvin\u00eb. 25-vje\u00e7ari ishte shpallur n\u00eb k\u00ebrkim policor p\u00ebr plagosje dhe mbajtje t\u00eb arm\u00ebve t\u00eb ftohta, pasi dyshohet se p\u00ebr shkak t\u00eb nj\u00eb konflikti t\u00eb \u00e7astit, t\u00eb ndodhur [&hellip;]<\/p>\n","protected":false,"gt_translate_keys":[{"key":"rendered","format":"html"}]},"author":32,"featured_media":613173,"comment_status":"closed","ping_status":"closed","sticky":false,"template":"","format":"standard","meta":{"footnotes":""},"categories":[65,13],"tags":[],"class_list":["post-613171","post","type-post","status-publish","format-standard","has-post-thumbnail","hentry","category-lajme","category-te-fundit"],"gt_translate_keys":[{"key":"link","format":"url"}],"_links":{"self":[{"href":"https:\/\/www.hashtag.al\/index.php\/wp-json\/wp\/v2\/posts\/613171","targetHints":{"allow":["GET"]}}],"collection":[{"href":"https:\/\/www.hashtag.al\/index.php\/wp-json\/wp\/v2\/posts"}],"about":[{"href":"https:\/\/www.hashtag.al\/index.php\/wp-json\/wp\/v2\/types\/post"}],"author":[{"embeddable":true,"href":"https:\/\/www.hashtag.al\/index.php\/wp-json\/wp\/v2\/users\/32"}],"replies":[{"embeddable":true,"href":"https:\/\/www.hashtag.al\/index.php\/wp-json\/wp\/v2\/comments?post=613171"}],"version-history":[{"count":0,"href":"https:\/\/www.hashtag.al\/index.php\/wp-json\/wp\/v2\/posts\/613171\/revisions"}],"wp:featuredmedia":[{"embeddable":true,"href":"https:\/\/www.hashtag.al\/index.php\/wp-json\/wp\/v2\/media\/613173"}],"wp:attachment":[{"href":"https:\/\/www.hashtag.al\/index.php\/wp-json\/wp\/v2\/media?parent=613171"}],"wp:term":[{"taxonomy":"category","embeddable":true,"href":"https:\/\/www.hashtag.al\/index.php\/wp-json\/wp\/v2\/categories?post=613171"},{"taxonomy":"post_tag","embeddable":true,"href":"https:\/\/www.hashtag.al\/index.php\/wp-json\/wp\/v2\/tags?post=613171"}],"curies":[{"name":"wp","href":"https:\/\/api.w.org\/{rel}","templated":true}]}}