{"id":613167,"date":"2023-08-27T15:49:26","date_gmt":"2023-08-27T13:49:26","guid":{"rendered":"https:\/\/www.hashtag.al\/?p=613167"},"modified":"2023-08-27T15:49:26","modified_gmt":"2023-08-27T13:49:26","slug":"perleshje-me-ushtrine-vriten-23-anetare-te-boko-haram-ne-nigeri","status":"publish","type":"post","link":"https:\/\/www.hashtag.al\/index.php\/2023\/08\/27\/perleshje-me-ushtrine-vriten-23-anetare-te-boko-haram-ne-nigeri\/","title":{"rendered":"P\u00ebrleshje me ushtrin\u00eb, vriten 23 an\u00ebtar\u00eb t\u00eb Boko Haram n\u00eb Nigeri","gt_translate_keys":[{"key":"rendered","format":"text"}]},"content":{"rendered":"<p><img loading=\"lazy\" decoding=\"async\" class=\"aligncenter size-full wp-image-613168\" src=\"https:\/\/www.hashtag.al\/wp-content\/uploads\/2023\/08\/bokoharam.jpg\" alt=\"\" width=\"623\" height=\"350\" srcset=\"https:\/\/www.hashtag.al\/wp-content\/uploads\/2023\/08\/bokoharam.jpg 623w, https:\/\/www.hashtag.al\/wp-content\/uploads\/2023\/08\/bokoharam-300x169.jpg 300w\" sizes=\"auto, (max-width: 623px) 100vw, 623px\" \/><\/p>\n<p><span style=\"color: #000000;\">T\u00eb pakt\u00ebn 23 terrorist\u00eb t\u00eb Boko Haram u vran\u00eb t\u00eb shtun\u00ebn n\u00eb operacionet kund\u00ebr grupit n\u00eb shtetin Borno n\u00eb Nigerin\u00eb verilindore.<\/span><\/p>\n<p><span style=\"color: #000000;\">Gjeneral Major Eduard Buba, drejtor i operacioneve t\u00eb mbrojtjes, tha n\u00eb nj\u00eb deklarat\u00eb se ushtria vazhdon operacionet kund\u00ebr grupit terrorist n\u00eb Borno.<\/span><\/p>\n<p><span style=\"color: #000000;\">Buba tha se 23 terrorist\u00eb u vran\u00eb, por shum\u00eb shp\u00ebtuan t\u00eb plagosur. Duke v\u00ebn\u00eb n\u00eb dukje se 41 pengje u shp\u00ebtuan, ai tha se arm\u00ebt dhe municionet e r\u00ebnd\u00ebsishme q\u00eb u p\u00ebrkisnin terrorist\u00ebve u kap\u00ebn.<\/span><\/p>\n<p><span style=\"color: #000000;\">Nigeria \u00ebsht\u00eb duke luftuar me grupet terroriste n\u00eb zon\u00ebn e saj verilindore q\u00eb nga viti 2009. M\u00eb shum\u00eb se 100,000 njer\u00ebz, p\u00ebrfshir\u00eb civil\u00eb dhe personel sigurie, jan\u00eb vrar\u00eb n\u00eb rajonin e goditur nga dhuna n\u00eb 14 vitet e fundit, sipas t\u00eb dh\u00ebnave t\u00eb qeveris\u00eb.<\/span><\/p>\n","protected":false,"gt_translate_keys":[{"key":"rendered","format":"html"}]},"excerpt":{"rendered":"<p>T\u00eb pakt\u00ebn 23 terrorist\u00eb t\u00eb Boko Haram u vran\u00eb t\u00eb shtun\u00ebn n\u00eb operacionet kund\u00ebr grupit n\u00eb shtetin Borno n\u00eb Nigerin\u00eb verilindore. Gjeneral Major Eduard Buba, drejtor i operacioneve t\u00eb mbrojtjes, tha n\u00eb nj\u00eb deklarat\u00eb se ushtria vazhdon operacionet kund\u00ebr grupit terrorist n\u00eb Borno. Buba tha se 23 terrorist\u00eb u vran\u00eb, por shum\u00eb shp\u00ebtuan t\u00eb plagosur. [&hellip;]<\/p>\n","protected":false,"gt_translate_keys":[{"key":"rendered","format":"html"}]},"author":51,"featured_media":613168,"comment_status":"closed","ping_status":"closed","sticky":false,"template":"","format":"standard","meta":{"footnotes":""},"categories":[6],"tags":[],"class_list":["post-613167","post","type-post","status-publish","format-standard","has-post-thumbnail","hentry","category-nderkombetare"],"gt_translate_keys":[{"key":"link","format":"url"}],"_links":{"self":[{"href":"https:\/\/www.hashtag.al\/index.php\/wp-json\/wp\/v2\/posts\/613167","targetHints":{"allow":["GET"]}}],"collection":[{"href":"https:\/\/www.hashtag.al\/index.php\/wp-json\/wp\/v2\/posts"}],"about":[{"href":"https:\/\/www.hashtag.al\/index.php\/wp-json\/wp\/v2\/types\/post"}],"author":[{"embeddable":true,"href":"https:\/\/www.hashtag.al\/index.php\/wp-json\/wp\/v2\/users\/51"}],"replies":[{"embeddable":true,"href":"https:\/\/www.hashtag.al\/index.php\/wp-json\/wp\/v2\/comments?post=613167"}],"version-history":[{"count":0,"href":"https:\/\/www.hashtag.al\/index.php\/wp-json\/wp\/v2\/posts\/613167\/revisions"}],"wp:featuredmedia":[{"embeddable":true,"href":"https:\/\/www.hashtag.al\/index.php\/wp-json\/wp\/v2\/media\/613168"}],"wp:attachment":[{"href":"https:\/\/www.hashtag.al\/index.php\/wp-json\/wp\/v2\/media?parent=613167"}],"wp:term":[{"taxonomy":"category","embeddable":true,"href":"https:\/\/www.hashtag.al\/index.php\/wp-json\/wp\/v2\/categories?post=613167"},{"taxonomy":"post_tag","embeddable":true,"href":"https:\/\/www.hashtag.al\/index.php\/wp-json\/wp\/v2\/tags?post=613167"}],"curies":[{"name":"wp","href":"https:\/\/api.w.org\/{rel}","templated":true}]}}