{"id":612920,"date":"2023-08-25T21:21:27","date_gmt":"2023-08-25T19:21:27","guid":{"rendered":"https:\/\/www.hashtag.al\/?p=612920"},"modified":"2023-08-25T21:21:27","modified_gmt":"2023-08-25T19:21:27","slug":"rithemelimi-zgjedh-kandidatet-per-primaret-ne-bashkine-kukes","status":"publish","type":"post","link":"https:\/\/www.hashtag.al\/index.php\/2023\/08\/25\/rithemelimi-zgjedh-kandidatet-per-primaret-ne-bashkine-kukes\/","title":{"rendered":"Rithemelimi zgjedh kandidat\u00ebt p\u00ebr primaret n\u00eb Bashkin\u00eb Kuk\u00ebs","gt_translate_keys":[{"key":"rendered","format":"text"}]},"content":{"rendered":"<p><a href=\"https:\/\/www.hashtag.al\/wp-content\/uploads\/2023\/08\/berisha-konference.jpg\"><img loading=\"lazy\" decoding=\"async\" class=\"aligncenter size-full wp-image-612921\" src=\"https:\/\/www.hashtag.al\/wp-content\/uploads\/2023\/08\/berisha-konference.jpg\" alt=\"\" width=\"1128\" height=\"586\" srcset=\"https:\/\/www.hashtag.al\/wp-content\/uploads\/2023\/08\/berisha-konference.jpg 1128w, https:\/\/www.hashtag.al\/wp-content\/uploads\/2023\/08\/berisha-konference-300x156.jpg 300w, https:\/\/www.hashtag.al\/wp-content\/uploads\/2023\/08\/berisha-konference-1024x532.jpg 1024w, https:\/\/www.hashtag.al\/wp-content\/uploads\/2023\/08\/berisha-konference-768x399.jpg 768w\" sizes=\"auto, (max-width: 1128px) 100vw, 1128px\" \/><\/a><\/p>\n<p><span style=\"color: #000000;\">Nga Partia Demokratike e Rithemelimit kan\u00eb dal\u00eb emrat p\u00ebr primaret p\u00ebr zgjedhjet e parakohshme n\u00eb Bashkin\u00eb e Kuk\u00ebsit.\u00a0<\/span><\/p>\n<p><span style=\"color: #000000;\">Procesi do t\u00eb zhvillohet m\u00eb dat\u00eb 27 gusht, me parimin nj\u00eb an\u00ebtar nj\u00eb vot\u00eb, p\u00ebr p\u00ebrzgjedhjen e kandidatit q\u00eb do t\u00eb p\u00ebrfaq\u00ebsoj\u00eb kandidatin e Sali Berish\u00ebs n\u00eb zgjedhjet q\u00eb do mbahen m\u00eb 24 Shtator 2023.<\/span><\/p>\n<p><span style=\"color: #000000;\">\u00cbsht\u00eb p\u00ebrjashtuar nga primaret e Kuk\u00ebsit kryetari i PD-Kuk\u00ebs, Arif Rexhmati. Ky i fundit u propozua nga seksionet e rithemelimit por n\u00eb reagimin e vet Arif Rexhmatit ku b\u00ebnte thirrje p\u00ebr kandidat t\u00eb p\u00ebrbashk\u00ebt pa primare.<\/span><\/p>\n<p><span style=\"color: #000000;\">Emrat e kandidat\u00ebve:<\/span><\/p>\n<p><span style=\"color: #000000;\">1.Ardian Sokol Elezi<\/span><\/p>\n<p><span style=\"color: #000000;\">2.Emri Haxhi Vata<\/span><\/p>\n<p><span style=\"color: #000000;\">3.G\u00ebzim Beqir Shehu<\/span><\/p>\n<p><span style=\"color: #000000;\">4.Uran Rakip Cengu<\/span><\/p>\n<p><span style=\"color: #000000;\">5.Ylber Haxhi Zeneli<\/span><\/p>\n<p>&nbsp;<\/p>\n","protected":false,"gt_translate_keys":[{"key":"rendered","format":"html"}]},"excerpt":{"rendered":"<p>Nga Partia Demokratike e Rithemelimit kan\u00eb dal\u00eb emrat p\u00ebr primaret p\u00ebr zgjedhjet e parakohshme n\u00eb Bashkin\u00eb e Kuk\u00ebsit.\u00a0 Procesi do t\u00eb zhvillohet m\u00eb dat\u00eb 27 gusht, me parimin nj\u00eb an\u00ebtar nj\u00eb vot\u00eb, p\u00ebr p\u00ebrzgjedhjen e kandidatit q\u00eb do t\u00eb p\u00ebrfaq\u00ebsoj\u00eb kandidatin e Sali Berish\u00ebs n\u00eb zgjedhjet q\u00eb do mbahen m\u00eb 24 Shtator 2023. \u00cbsht\u00eb p\u00ebrjashtuar [&hellip;]<\/p>\n","protected":false,"gt_translate_keys":[{"key":"rendered","format":"html"}]},"author":32,"featured_media":612921,"comment_status":"closed","ping_status":"closed","sticky":false,"template":"","format":"standard","meta":{"footnotes":""},"categories":[65,13],"tags":[],"class_list":["post-612920","post","type-post","status-publish","format-standard","has-post-thumbnail","hentry","category-lajme","category-te-fundit"],"gt_translate_keys":[{"key":"link","format":"url"}],"_links":{"self":[{"href":"https:\/\/www.hashtag.al\/index.php\/wp-json\/wp\/v2\/posts\/612920","targetHints":{"allow":["GET"]}}],"collection":[{"href":"https:\/\/www.hashtag.al\/index.php\/wp-json\/wp\/v2\/posts"}],"about":[{"href":"https:\/\/www.hashtag.al\/index.php\/wp-json\/wp\/v2\/types\/post"}],"author":[{"embeddable":true,"href":"https:\/\/www.hashtag.al\/index.php\/wp-json\/wp\/v2\/users\/32"}],"replies":[{"embeddable":true,"href":"https:\/\/www.hashtag.al\/index.php\/wp-json\/wp\/v2\/comments?post=612920"}],"version-history":[{"count":0,"href":"https:\/\/www.hashtag.al\/index.php\/wp-json\/wp\/v2\/posts\/612920\/revisions"}],"wp:featuredmedia":[{"embeddable":true,"href":"https:\/\/www.hashtag.al\/index.php\/wp-json\/wp\/v2\/media\/612921"}],"wp:attachment":[{"href":"https:\/\/www.hashtag.al\/index.php\/wp-json\/wp\/v2\/media?parent=612920"}],"wp:term":[{"taxonomy":"category","embeddable":true,"href":"https:\/\/www.hashtag.al\/index.php\/wp-json\/wp\/v2\/categories?post=612920"},{"taxonomy":"post_tag","embeddable":true,"href":"https:\/\/www.hashtag.al\/index.php\/wp-json\/wp\/v2\/tags?post=612920"}],"curies":[{"name":"wp","href":"https:\/\/api.w.org\/{rel}","templated":true}]}}