{"id":612913,"date":"2023-08-25T20:26:35","date_gmt":"2023-08-25T18:26:35","guid":{"rendered":"https:\/\/www.hashtag.al\/?p=612913"},"modified":"2023-08-25T20:26:35","modified_gmt":"2023-08-25T18:26:35","slug":"bayern-munich-gjen-portier-ne-izrael","status":"publish","type":"post","link":"https:\/\/www.hashtag.al\/index.php\/2023\/08\/25\/bayern-munich-gjen-portier-ne-izrael\/","title":{"rendered":"Bayern Munich gjen portier n\u00eb Izrael","gt_translate_keys":[{"key":"rendered","format":"text"}]},"content":{"rendered":"<p><span style=\"color: #000000;\"><a style=\"color: #000000;\" href=\"https:\/\/www.hashtag.al\/wp-content\/uploads\/2023\/08\/peretz.png\"><img loading=\"lazy\" decoding=\"async\" class=\"aligncenter size-full wp-image-612914\" src=\"https:\/\/www.hashtag.al\/wp-content\/uploads\/2023\/08\/peretz.png\" alt=\"\" width=\"1041\" height=\"634\" srcset=\"https:\/\/www.hashtag.al\/wp-content\/uploads\/2023\/08\/peretz.png 1041w, https:\/\/www.hashtag.al\/wp-content\/uploads\/2023\/08\/peretz-300x183.png 300w, https:\/\/www.hashtag.al\/wp-content\/uploads\/2023\/08\/peretz-1024x624.png 1024w, https:\/\/www.hashtag.al\/wp-content\/uploads\/2023\/08\/peretz-768x468.png 768w\" sizes=\"auto, (max-width: 1041px) 100vw, 1041px\" \/><\/a><\/span><\/p>\n<p><span style=\"color: #000000;\">Bayern Munich ka kompletuar transferimin e Daniel Peretz.<\/span><\/p>\n<p><span style=\"color: #000000;\">Klubi gjerman njoftoi zyrtarisht k\u00ebt\u00eb t\u00eb premte p\u00ebr transferimin e portierit izraelit<\/span><\/p>\n<p><span style=\"color: #000000;\">Ai me Bayernin ka n\u00ebnshkruar kontrat\u00eb pes\u00eb-vje\u00e7are, t\u00eb vlefshme deri m\u00eb 30 qershor 2028.<\/span><\/p>\n<p><span style=\"color: #000000;\">Sipas transferimeve, \u201cBavarez\u00ebt\u201d e transferuan Peretzin nga Maccabi Tel Aviv p\u00ebr 5 milion\u00eb euro.<\/span><\/p>\n<p><span style=\"color: #000000;\">\u201c<em>\u00cbsht\u00eb nj\u00eb \u00ebnd\u00ebrr p\u00ebr \u00e7do f\u00ebmij\u00eb q\u00eb nj\u00eb dit\u00eb t\u00eb luaj\u00eb p\u00ebr nj\u00eb klub aq t\u00eb madh sa Bayerni. Kur d\u00ebgjova p\u00ebr interesimin e Bayernit, kisha vet\u00ebm nj\u00eb d\u00ebshir\u00eb: t\u00eb kaloja k\u00ebtu. Un\u00eb jam i uritur p\u00ebr gjith\u00e7ka q\u00eb do t\u00eb vij\u00eb<\/em>\u201d, u shpreh 23-vje\u00e7ari pas zyrtarizimit te kampion\u00ebt gjerman\u00eb.<\/span><\/p>\n","protected":false,"gt_translate_keys":[{"key":"rendered","format":"html"}]},"excerpt":{"rendered":"<p>Bayern Munich ka kompletuar transferimin e Daniel Peretz. Klubi gjerman njoftoi zyrtarisht k\u00ebt\u00eb t\u00eb premte p\u00ebr transferimin e portierit izraelit Ai me Bayernin ka n\u00ebnshkruar kontrat\u00eb pes\u00eb-vje\u00e7are, t\u00eb vlefshme deri m\u00eb 30 qershor 2028. Sipas transferimeve, \u201cBavarez\u00ebt\u201d e transferuan Peretzin nga Maccabi Tel Aviv p\u00ebr 5 milion\u00eb euro. \u201c\u00cbsht\u00eb nj\u00eb \u00ebnd\u00ebrr p\u00ebr \u00e7do f\u00ebmij\u00eb q\u00eb [&hellip;]<\/p>\n","protected":false,"gt_translate_keys":[{"key":"rendered","format":"html"}]},"author":32,"featured_media":612914,"comment_status":"closed","ping_status":"closed","sticky":false,"template":"","format":"standard","meta":{"footnotes":""},"categories":[134,13],"tags":[],"class_list":["post-612913","post","type-post","status-publish","format-standard","has-post-thumbnail","hentry","category-sport","category-te-fundit"],"gt_translate_keys":[{"key":"link","format":"url"}],"_links":{"self":[{"href":"https:\/\/www.hashtag.al\/index.php\/wp-json\/wp\/v2\/posts\/612913","targetHints":{"allow":["GET"]}}],"collection":[{"href":"https:\/\/www.hashtag.al\/index.php\/wp-json\/wp\/v2\/posts"}],"about":[{"href":"https:\/\/www.hashtag.al\/index.php\/wp-json\/wp\/v2\/types\/post"}],"author":[{"embeddable":true,"href":"https:\/\/www.hashtag.al\/index.php\/wp-json\/wp\/v2\/users\/32"}],"replies":[{"embeddable":true,"href":"https:\/\/www.hashtag.al\/index.php\/wp-json\/wp\/v2\/comments?post=612913"}],"version-history":[{"count":0,"href":"https:\/\/www.hashtag.al\/index.php\/wp-json\/wp\/v2\/posts\/612913\/revisions"}],"wp:featuredmedia":[{"embeddable":true,"href":"https:\/\/www.hashtag.al\/index.php\/wp-json\/wp\/v2\/media\/612914"}],"wp:attachment":[{"href":"https:\/\/www.hashtag.al\/index.php\/wp-json\/wp\/v2\/media?parent=612913"}],"wp:term":[{"taxonomy":"category","embeddable":true,"href":"https:\/\/www.hashtag.al\/index.php\/wp-json\/wp\/v2\/categories?post=612913"},{"taxonomy":"post_tag","embeddable":true,"href":"https:\/\/www.hashtag.al\/index.php\/wp-json\/wp\/v2\/tags?post=612913"}],"curies":[{"name":"wp","href":"https:\/\/api.w.org\/{rel}","templated":true}]}}