{"id":612741,"date":"2023-08-24T17:46:41","date_gmt":"2023-08-24T15:46:41","guid":{"rendered":"https:\/\/www.hashtag.al\/?p=612741"},"modified":"2023-08-24T17:46:41","modified_gmt":"2023-08-24T15:46:41","slug":"kur-do-ballafaqohemi-rama-i-shkruan-gazetarit-grek-per-artikullin-per-fredi-belerin","status":"publish","type":"post","link":"https:\/\/www.hashtag.al\/index.php\/2023\/08\/24\/kur-do-ballafaqohemi-rama-i-shkruan-gazetarit-grek-per-artikullin-per-fredi-belerin\/","title":{"rendered":"\u201cKur do ballafaqohemi\u201d &#8211; Rama i shkruan gazetarit grek p\u00ebr artikullin p\u00ebr Fredi Belerin","gt_translate_keys":[{"key":"rendered","format":"text"}]},"content":{"rendered":"<p><span style=\"color: #000000;\"><a href=\"https:\/\/www.hashtag.al\/wp-content\/uploads\/2023\/08\/rama-ekathimerini-beleri.jpg\"><img loading=\"lazy\" decoding=\"async\" class=\"aligncenter size-full wp-image-612743\" src=\"https:\/\/www.hashtag.al\/wp-content\/uploads\/2023\/08\/rama-ekathimerini-beleri.jpg\" alt=\"\" width=\"1920\" height=\"1200\" srcset=\"https:\/\/www.hashtag.al\/wp-content\/uploads\/2023\/08\/rama-ekathimerini-beleri.jpg 1920w, https:\/\/www.hashtag.al\/wp-content\/uploads\/2023\/08\/rama-ekathimerini-beleri-300x188.jpg 300w, https:\/\/www.hashtag.al\/wp-content\/uploads\/2023\/08\/rama-ekathimerini-beleri-1024x640.jpg 1024w, https:\/\/www.hashtag.al\/wp-content\/uploads\/2023\/08\/rama-ekathimerini-beleri-768x480.jpg 768w, https:\/\/www.hashtag.al\/wp-content\/uploads\/2023\/08\/rama-ekathimerini-beleri-1536x960.jpg 1536w\" sizes=\"auto, (max-width: 1920px) 100vw, 1920px\" \/><\/a><\/span><\/p>\n<p><span style=\"color: #000000;\">Kryeministri Edi Rama ka publikuar bised\u00ebn q\u00eb ka zhvilluar online me gazetarin grek t\u00eb \u201cEkathimerini\u201d.<\/span><\/p>\n<p><span style=\"color: #000000;\">Gazetari Pavlos Papadopoulos pak dit\u00eb m\u00eb par\u00eb publikoi nj\u00eb artikull p\u00ebr kryebashkiakun e Himar\u00ebs, Fredi Belerin, me titull: L\u00ebreni t\u00eb betohet.<\/span><\/p>\n<p><span style=\"color: #000000;\">Rama ka postuar mesazhin q\u00eb i ka d\u00ebrguar Pavlos Papadopoulos n\u00eb \u201c\u00cbhatsapp\u201d duke i k\u00ebrkuar q\u00eb t\u00eb las\u00eb dhe t\u00eb ballafaqohet me faktet e shprehura nga gazetari n\u00eb artikull.<\/span><\/p>\n<p><span style=\"color: #000000;\"><strong>Biseda:<\/strong><\/span><\/p>\n<p><span style=\"color: #000000;\"><strong>Kryeministri Edi Rama:<\/strong> Nuk e njoh k\u00ebrkoj kontaktin e tij dhe i shkruaj: Mir\u00ebm\u00ebngjes zot\u00ebri! Emri im \u00ebsht\u00eb Edi Rama numrin tuaj e mora nga nj\u00eb mik grek pasi lexova q\u00eb ju jeni kujdesur t\u00eb shkruani rreth meje n\u00eb prestigjozen Ekathimerini. Mendoja se nuk do t\u00eb ishte nj\u00eb ide e keqe t\u00eb komunikoja direkt me ju, shpresoj t\u00eb mos jem gabim ashtu si un\u00eb shpresoj q\u00eb ju nuk keni nj\u00eb problem krenarie q\u00eb t\u00eb ballafaqoheni me faktet q\u00eb keni ekspozuar p\u00ebr t\u00eb m\u00eb leqendisur mua n\u00eb publik pa u kujdesur hiq fare q\u00eb t\u00eb pakt\u00ebn t\u00eb pyesni edhe p\u00ebr an\u00ebn time t\u00eb k\u00ebsaj historie, dhe pastaj i gjykoni vet\u00eb faktet reale dhe ato t\u00eb fabrikuara nga cila do an\u00eb. Do t\u00eb isha i lumtur t\u00eb flisja me ju n\u00ebse ju jeni gati q\u00eb t\u00eb m\u00eb jepni mua t\u00eb drejt\u00ebn e replik\u00ebs dhe t\u00eb nderoni parimin themelor t\u00eb nj\u00eb shtypi t\u00eb lir\u00eb t\u00eb pavarur dhe t\u00eb paansh\u00ebm. Ndihuni i lir\u00eb t\u00eb m\u00eb shkruani n\u00ebse ju e pranoni k\u00ebt\u00eb \u201csfid\u00eb\u201d , nd\u00ebrkoh\u00eb q\u00eb un\u00eb ju siguroj mir\u00ebkuptimin tim t\u00eb plot\u00eb n\u00eb rast se ju do ti shmangemi ballafaqimit me kund\u00ebr argumentet e mia.<\/span><br \/>\n<span style=\"color: #000000;\">Ju uroj m\u00eb t\u00eb mir\u00ebn p\u00ebr ju dhe familjen tuaj. Sinqerisht Kryeministri i Shqip\u00ebris\u00eb.<\/span><\/p>\n<p><span style=\"color: #000000;\"><strong>Gazetari grek Pavlos Papadopoulos<\/strong>: Mir\u00ebm\u00ebngjesi zoti kryeminist\u00ebr, \u00ebsht\u00eb nj\u00eb surpriz\u00eb, por akoma m\u00eb shum\u00eb nj\u00eb nder q\u00eb t\u00eb marr nj\u00eb mesazh prej jush dhe do ta pranoja me k\u00ebnaq\u00ebsi t\u00eb flisja me ju. Duke qen\u00eb se m\u00eb jepet mund\u00ebsia, do t\u00eb shtoja se personalisht, e vler\u00ebsoj kontributin e madh p\u00ebr Greqin\u00eb t\u00eb njer\u00ebzve nga Shqip\u00ebria n\u00eb 30 vitet e fundit dhe nj\u00ebkoh\u00ebsisht progresin q\u00eb vendin juaj ka b\u00ebr\u00eb.<\/span><\/p>\n<p><span style=\"color: #000000;\">Un\u00eb mb\u00ebshtes miq\u00ebsin\u00eb dhe bashk\u00ebpunimin, por trajtimi i Belerit \u00ebsht\u00eb i padrejt\u00eb dhe i pandersh\u00ebm. Ai n\u00eb radh\u00eb t\u00eb par\u00eb u fut n\u00eb nj\u00eb kurth nga autoritetet, akuza e dh\u00ebnies s\u00eb parave p\u00ebr 14 qytetar\u00eb \u00ebsht\u00eb e pamb\u00ebshtetur, madje \u00ebsht\u00eb p\u00ebr t\u00eb qeshur, ku jan\u00eb provat? Ku jan\u00eb fotografit\u00eb e komunikimeve q\u00eb lidhen me k\u00ebt\u00eb t\u00eb asht\u00ebquajtur korruptimi m\u00eb tej, pasi ai u lidh kurthin e provave t\u00eb parafabrikuara dhe u kap n\u00eb kurthin e leht\u00eb t\u00eb normave, paragraf\u00ebve, teknikaliteteve dhe ngat\u00ebrresave t\u00eb sistemit t\u00eb ri t\u00eb drejt\u00ebsis\u00eb n\u00eb vendin tuaj.<\/span><\/p>\n<p><span style=\"color: #000000;\">Tani ju mund t\u00eb m\u00eb thoni me t\u00eb drejt\u00eb q\u00eb nuk mund t\u00eb nd\u00ebrhyni. I burgosur dhe duke pritur nj\u00eb gjyq deri n\u00eb p\u00ebrjet\u00ebsi, ai mund t\u00eb humbas\u00eb leht\u00ebsisht t\u00eb drejt\u00ebn e t\u00eb qenit kryetar bashkie. Un\u00eb jam m\u00eb shum\u00eb se i lumtur q\u00eb t\u00eb flas me ju mbi \u00e7\u00ebshtjen Beleri. Gjithsesi, \u00ebsht\u00eb shum\u00eb e pazakont\u00eb q\u00eb nj\u00eb kryeminist\u00ebr t\u00eb kontaktoj\u00eb direkt nj\u00eb gazetar t\u00eb huaj q\u00eb nuk e ka njohur m\u00eb par\u00eb, nga telefoni i tij te telefoni i k\u00ebtij t\u00eb fundit. M\u00eb lejoni t\u00eb dyshoj se ju jeni v\u00ebrtet\u00eb Edi Rama. N\u00ebse jeni v\u00ebrtet, at\u00ebher\u00eb un\u00eb e pranoj sfid\u00ebn dhe jam i sigurt q\u00eb \u2018Ekathimerini\u2019 t\u00eb organizoj\u00eb dhe t\u00eb publikoj\u00eb nj\u00eb intervist\u00eb me ju ku t\u00eb gjitha argumentet tuaja t\u00eb mbulohen plot\u00ebsisht dhe lirisht p\u00ebr publikun grek. Prandaj, m\u00eb e mira p\u00ebr ta garantuar k\u00ebt\u00eb proces do t\u00eb ishte q\u00eb t\u00eb vendosej nj\u00eb kontakt formal nga zyra e Kryeministrit, n\u00eb m\u00ebnyr\u00eb q\u00eb pastaj t\u00eb realizojm\u00eb intervist\u00ebn. Ose mbase miku juaj grek q\u00eb ju dha numrin, sikurse that\u00eb, t\u00eb mund t\u00eb m\u00eb telefonoj\u00eb tani n\u00eb moment. M\u00eb vjen keq p\u00ebr k\u00ebt\u00eb rezerv\u00eb, por jam i bindur q\u00eb do t\u00eb m\u00eb mir\u00ebkuptimi.<\/span><\/p>\n<p><span style=\"color: #000000;\">Un\u00eb ju kuptoj plot\u00ebsisht dhe pas asaj q\u00eb ndodhi me disa njer\u00ebz, p\u00ebrfshir\u00eb George Bush q\u00eb u fut n\u00eb kurth nga rus\u00ebt, q\u00eb luajt\u00ebn ukrainasit, duke i k\u00ebrkuar atij solidaritet, ju keni t\u00eb drejt\u00eb. Por, mendoj se fytyra ime \u00ebsht\u00eb m\u00eb e mir\u00eb se telefonata e miqve t\u00eb mi grek\u00eb ose kushdo q\u00eb do t\u00eb mund t\u00eb t\u00eb telefononte edhe po, un\u00eb jam nj\u00eb person i pazakont\u00eb n\u00eb zyr\u00eb. Un\u00eb thjesht dua t\u00eb veproj direkt, nuk m\u00eb p\u00eblqen burokracia, nuk m\u00eb p\u00eblqejn\u00eb kanalet. Un\u00eb thjesht dua t\u00eb p\u00ebrballem me njer\u00ebzit, kushdo qofshin ata dhe t\u00eb jap m\u00eb t\u00eb mir\u00ebn time. Pra, n\u00ebse kjo s\u2019\u00ebsht\u00eb e mjaftueshme dhe ju mendoni se jam nj\u00eb komedian nacionalist shqiptar, q\u00eb luaj rolin e Kryeministrit t\u00eb Shqip\u00ebris\u00eb, m\u00eb thoni si do t\u00eb vazhdojm\u00eb. Gjith\u00eb t\u00eb mirat dhe mos harroni: Mia fatsa, mia razza!<\/span><\/p>\n<p><span style=\"color: #000000;\"><strong>Gazetari:<\/strong> Zoti kryeminist\u00ebr ju jeni nj\u00eb zbulim i v\u00ebrtet\u00eb p\u00ebr mua, ky mesazh \u00ebsht\u00eb m\u00eb shum\u00eb se i mjaftuesh\u00ebm p\u00ebr ta konfirmuar procesin, tani me siguri ne mund ta realizojm\u00eb intervist\u00ebn, \u00ebsht\u00eb nj\u00eb nder p\u00ebr ne q\u00eb ju na u \u00e7as\u00ebt p\u00ebr ta diskutuar k\u00ebt\u00eb \u00e7\u00ebshtje gjer\u00ebsisht.<\/span><\/p>\n<p><span style=\"color: #000000;\"><strong>Rama:<\/strong> \u00cbsht\u00eb ndjenj\u00eb e mir\u00eb t\u00eb jesh nj\u00eb zbulim, sa p\u00ebr fillim! Shum\u00eb mir\u00eb at\u00ebher\u00eb, a parap\u00eblqeni t\u00eb mi d\u00ebrgoni pyetjet, apo ta b\u00ebjm\u00eb n\u00eb facetime, si ndryshe?<\/span><\/p>\n<p><span style=\"color: #000000;\"><strong>Gazetari<\/strong>: Q\u00eb t\u00eb jem i sinqert\u00eb me nj\u00eb lider si ju, un\u00eb jam i tunduar t\u00eb k\u00ebrkoj nj\u00eb takim me facetime me ju dhe t\u00eb vendosnim nj\u00eb komunikim direkt, gjithashtu t\u2019ju k\u00ebrkoja nj\u00eb dit\u00eb p\u00ebr t\u00eb qen\u00eb plot\u00ebsisht i p\u00ebrgatitur. Por, m\u00eb lejoni fillimisht t\u00eb flas p\u00ebr k\u00ebt\u00eb me botuesin dhe t\u00eb rikthehem tek ju!<\/span><\/p>\n<p><span style=\"color: #000000;\"><strong>Rama: <\/strong>I lumtur t\u00eb b\u00ebj nj\u00eb facetime me nj\u00eb parashtrim, ju m\u00eb d\u00ebrgoni transcriptin para publikimit, fjal\u00ebt e mia natyrisht jo tuajat. E dyta, po sikur ta tregojm\u00eb k\u00ebt\u00eb prezantim mes nesh lexuesve tuaj dhe ta paralajm\u00ebrojm\u00eb intervist\u00ebn para se ajo t\u00eb botohet? Do t\u00eb rrisni audienc\u00ebn tuaj dhe ca shitje m\u00eb shum\u00eb, pse jo?!<\/span><\/p>\n<p><span style=\"color: #000000;\"><strong>Gazetari: <\/strong>Jam dakord! Do ju d\u00ebrgoj intervist\u00ebn e zbardhur dhe kur ta kemi t\u00eb aprovuar prej jush zbardhjen ne mund t\u00eb informojm\u00eb lexuesit p\u00ebr k\u00ebt\u00eb m\u00ebnyr\u00eb speciale tuaj\u00ebn p\u00ebr t\u00eb folur me publikun grek.<\/span><\/p>\n<p><span style=\"color: #000000;\">Dhe m\u00eb pas vjen videoja e gazetarit q\u00eb e fal\u00ebnderon s\u00ebrish kryeministrin duke theksuar se do t\u00eb caktohet nj\u00eb dat\u00eb p\u00ebr intervist\u00ebn.<\/span><\/p>\n<p><span style=\"color: #000000;\"><strong>Rama<\/strong>: Duket ide e mir\u00eb, faleminderit!<\/span><\/p>\n","protected":false,"gt_translate_keys":[{"key":"rendered","format":"html"}]},"excerpt":{"rendered":"<p>Kryeministri Edi Rama ka publikuar bised\u00ebn q\u00eb ka zhvilluar online me gazetarin grek t\u00eb \u201cEkathimerini\u201d. Gazetari Pavlos Papadopoulos pak dit\u00eb m\u00eb par\u00eb publikoi nj\u00eb artikull p\u00ebr kryebashkiakun e Himar\u00ebs, Fredi Belerin, me titull: L\u00ebreni t\u00eb betohet. Rama ka postuar mesazhin q\u00eb i ka d\u00ebrguar Pavlos Papadopoulos n\u00eb \u201c\u00cbhatsapp\u201d duke i k\u00ebrkuar q\u00eb t\u00eb las\u00eb dhe [&hellip;]<\/p>\n","protected":false,"gt_translate_keys":[{"key":"rendered","format":"html"}]},"author":32,"featured_media":612743,"comment_status":"closed","ping_status":"closed","sticky":false,"template":"","format":"standard","meta":{"footnotes":""},"categories":[65,13],"tags":[],"class_list":["post-612741","post","type-post","status-publish","format-standard","has-post-thumbnail","hentry","category-lajme","category-te-fundit"],"gt_translate_keys":[{"key":"link","format":"url"}],"_links":{"self":[{"href":"https:\/\/www.hashtag.al\/index.php\/wp-json\/wp\/v2\/posts\/612741","targetHints":{"allow":["GET"]}}],"collection":[{"href":"https:\/\/www.hashtag.al\/index.php\/wp-json\/wp\/v2\/posts"}],"about":[{"href":"https:\/\/www.hashtag.al\/index.php\/wp-json\/wp\/v2\/types\/post"}],"author":[{"embeddable":true,"href":"https:\/\/www.hashtag.al\/index.php\/wp-json\/wp\/v2\/users\/32"}],"replies":[{"embeddable":true,"href":"https:\/\/www.hashtag.al\/index.php\/wp-json\/wp\/v2\/comments?post=612741"}],"version-history":[{"count":0,"href":"https:\/\/www.hashtag.al\/index.php\/wp-json\/wp\/v2\/posts\/612741\/revisions"}],"wp:featuredmedia":[{"embeddable":true,"href":"https:\/\/www.hashtag.al\/index.php\/wp-json\/wp\/v2\/media\/612743"}],"wp:attachment":[{"href":"https:\/\/www.hashtag.al\/index.php\/wp-json\/wp\/v2\/media?parent=612741"}],"wp:term":[{"taxonomy":"category","embeddable":true,"href":"https:\/\/www.hashtag.al\/index.php\/wp-json\/wp\/v2\/categories?post=612741"},{"taxonomy":"post_tag","embeddable":true,"href":"https:\/\/www.hashtag.al\/index.php\/wp-json\/wp\/v2\/tags?post=612741"}],"curies":[{"name":"wp","href":"https:\/\/api.w.org\/{rel}","templated":true}]}}