{"id":612721,"date":"2023-08-24T15:34:29","date_gmt":"2023-08-24T13:34:29","guid":{"rendered":"https:\/\/www.hashtag.al\/?p=612721"},"modified":"2023-08-24T15:34:29","modified_gmt":"2023-08-24T13:34:29","slug":"pd-vetting-ne-politike-rama-pergjegjes-per-aferen-e-inceneratoreve-e-koncesionin-e-sterilizimit","status":"publish","type":"post","link":"https:\/\/www.hashtag.al\/index.php\/2023\/08\/24\/pd-vetting-ne-politike-rama-pergjegjes-per-aferen-e-inceneratoreve-e-koncesionin-e-sterilizimit\/","title":{"rendered":"PD: Vetting n\u00eb politik\u00eb, Rama p\u00ebrgjegj\u00ebs p\u00ebr afer\u00ebn e incenerator\u00ebve e koncesionin e sterilizimit","gt_translate_keys":[{"key":"rendered","format":"text"}]},"content":{"rendered":"<p><img loading=\"lazy\" decoding=\"async\" class=\"aligncenter size-full wp-image-610975\" src=\"https:\/\/www.hashtag.al\/wp-content\/uploads\/2023\/08\/Karabina.png\" alt=\"\" width=\"692\" height=\"437\" srcset=\"https:\/\/www.hashtag.al\/wp-content\/uploads\/2023\/08\/Karabina.png 692w, https:\/\/www.hashtag.al\/wp-content\/uploads\/2023\/08\/Karabina-300x189.png 300w\" sizes=\"auto, (max-width: 692px) 100vw, 692px\" \/><\/p>\n<p><span style=\"color: #000000;\">PD-ja ka denoncuar kryeministrin Rama lidhur me \u00e7\u00ebshtjen e incenerator\u00ebve dhe koncesionin e sterilizimit. <\/span><\/p>\n<p><span style=\"color: #000000;\">N\u00eb nj\u00eb deklarat\u00eb p\u00ebr gazetar\u00ebt, z\u00ebdh\u00ebn\u00ebsja Karabina tha se projektet n\u00eb fjal\u00eb jan\u00eb ideuar e mbrojtur nga kreu i qeveris\u00eb nd\u00ebrkoh\u00eb q\u00eb u kan\u00eb kushtuar qytetar\u00ebve rreth 450 milion\u00eb euro.<\/span><\/p>\n<p><span style=\"color: #000000;\"><em>\u201cP\u00ebr 8 vjet rrjesht, Kryeministri Rama dhe qeveria e drejtuar prej tij kane mbrojtur me pathos politik\u00ebn e incenerimit t\u00eb mbetjeve dhe projektet e \u201cm\u00ebdha\u201d t\u00eb k\u00ebsaj qeverie n\u00eb k\u00ebt\u00eb sektor. K\u00ebto projekte, q\u00eb u provuan n\u00ebp\u00ebrmjet hetimeve t\u00eb SPAK se, jan\u00eb skema korrupsioni t\u00eb ideuara, drejtuara dhe administruara nga nivelet m\u00eb t\u00eb larta t\u00eb hierkis\u00eb qeveritare, i kan\u00eb kushtuar shtetasve shqiptar\u00eb 450 milion euro. Me d\u00ebshtimin e skem\u00ebs s\u00eb korrupsionit t\u00eb incenerator\u00ebve, qeveris\u00eb s\u00eb \u201cp\u00ebrgjegj\u00ebsive personale\u201d, i ka lindur nevoja p\u00ebr nj\u00eb skem\u00eb t\u00eb re t\u00eb zhvatjes s\u00eb parave t\u00eb taksapaguesve shqiptar\u00eb. Sipas t\u00eb dh\u00ebnave t\u00eb disponuara nga Partia Demokratike, e t\u00eb b\u00ebra publike edhe nga BIRN rezulton se Ilir Beqja, nj\u00eb tjet\u00ebr zyrtar i lart\u00eb i qeverisjes q\u00eb pritet se shpejti t\u00eb mbaj\u00eb p\u00ebrgjegj\u00ebsi personale, n\u00eb drejtimin e Agjencis\u00eb Shteterore t\u00eb Programimit Strategjik dhe Koordinimit te Ndihm\u00ebs (SASPAC) e cila \u00ebsht\u00eb n\u00eb var\u00ebsi t\u00eb drejtp\u00ebrdrejt\u00eb t\u00eb Kryeministrit Rama, i ka propozuar Qeveris\u00eb dy projekte p\u00ebr Qarqet Elbasan dhe Fier.\u201d<\/em> &#8211; tha Karabina.<\/span><\/p>\n<p><span style=\"color: #000000;\">Ajo shtoi m\u00eb tej se projektet n\u00eb fjal\u00eb p\u00ebr Fierin e Elbasanin parashikojn\u00eb t\u00eb vjelin rreth 130 milion\u00eb euro prej tyre duke rr\u00ebnuar buxhetin e shtetit e taksat e qytetar\u00ebve.<\/span><\/p>\n<p><span style=\"color: #000000;\"><em>\u201cK\u00ebto dy projekte t\u00eb cil\u00ebsuara si \u201cUnike me r\u00ebnd\u00ebsi komb\u00ebtare\u201d parashikojn\u00eb t\u00eb vjelin nga buxheti i shtetit shum\u00ebn prej 113 milion eurosh, shum\u00eb e cila ndahet n\u00eb 50 milion euro p\u00ebr qarkun Elbasan dhe 63 milion euro p\u00ebr Qarkun Fier. P\u00ebr t\u00eb dy k\u00ebto qarqe nga Qeveria e \u201cp\u00ebrgjegj\u00ebsis\u00eb personale\u201d vet\u00ebm p\u00ebr projektet e incenerator\u00ebve jan\u00eb shpenzuar rreth 60 milion\u00eb euro. Nga vjedhja tashm\u00eb e provuar e k\u00ebtyre shumave kan\u00eb p\u00ebrfunduar n\u00eb dyert e drejt\u00ebsis\u00eb z\u00ebvend\u00ebskryeministra, ministra, deputet e funksionar\u00eb t\u00eb tjer\u00eb t\u00eb administrat\u00ebs shtet\u00ebrore. Nj\u00eb skem\u00eb e re vjedhje po lind nga dora e personit t\u00eb dyshuar p\u00ebr korrupsionin me sterilizimin dhe check up, Ilir Beqja p\u00ebrpara se t\u00eb futet n\u00eb kategorin\u00eb e atyre q\u00eb mbajn\u00eb p\u00ebrgjegj\u00ebsi personale, po i jep Edi Ram\u00ebs mund\u00ebsin\u00eb e nd\u00ebrtimit t\u00eb projekteve t\u00eb reja, t\u00eb cilat sipas standartit t\u00eb k\u00ebsaj qeverie do t\u00eb jen\u00eb vjedhje t\u00eb reja mbi rr\u00ebnojat e vjedhjeve t\u00eb vjetra.\u201d<\/em> &#8211; shtoi z\u00ebdh\u00ebn\u00ebsja e PD-s\u00eb.<\/span><\/p>\n<p><span style=\"color: #000000;\">N\u00eb fund Karabina i b\u00ebri thirrje SPAK-ut q\u00eb t\u00eb vijoj\u00eb hetimet p\u00ebr aferat e qeveris\u00eb nd\u00ebrsa tha se \u00ebsht\u00eb koha p\u00ebr miratimin e vettingut n\u00eb politik\u00eb.<\/span><\/p>\n<p><span style=\"color: #000000;\"><em>\u201cEdi Rama sot duhet t\u00eb mbaj\u00eb p\u00ebrgjegj\u00ebsi p\u00ebr t\u00eb gjith\u00eb struktur\u00ebn shtet\u00ebrore t\u00eb vjedhjes dhe korrupsionit t\u00eb ngritur mbi incenerator\u00ebt, duhet t\u00eb mbaj\u00eb p\u00ebrgjegj\u00ebsi p\u00ebr promovimin e politikave t\u00eb d\u00ebshtuara q\u00eb nuk kishin p\u00ebr q\u00ebllim p\u00ebrmir\u00ebsimin e jet\u00ebs s\u00eb qytetar\u00ebve por veshjen dhe justifikimin politik t\u00eb nj\u00eb skeme t\u00eb past\u00ebr shp\u00ebrdorimi t\u00eb fondeve t\u00eb shtetit shqiptar. Sot \u00ebsht\u00eb m\u00eb i domosdosh\u00ebm se kurr\u00eb miratimin i ligjit p\u00ebr vettingun e politikan\u00ebve, si dhe miratimi i nj\u00eb pakete ligjore kund\u00ebr krimit dhe korrupsionit qeveritar, duke i hequr \u00e7do penges\u00eb dhe dh\u00ebn\u00eb mb\u00ebshtetje t\u00eb pakusht\u00ebzuar SPAK dhe organeve t\u00eb drejt\u00ebsis\u00eb p\u00ebr d\u00ebnimin e korrupsionit edhe p\u00ebr sekuestrimin e pasurive q\u00eb vijn\u00eb prej tij.\u201d<\/em> &#8211; mbylli deklarat\u00ebn Karabina<\/span><\/p>\n","protected":false,"gt_translate_keys":[{"key":"rendered","format":"html"}]},"excerpt":{"rendered":"<p>PD-ja ka denoncuar kryeministrin Rama lidhur me \u00e7\u00ebshtjen e incenerator\u00ebve dhe koncesionin e sterilizimit. N\u00eb nj\u00eb deklarat\u00eb p\u00ebr gazetar\u00ebt, z\u00ebdh\u00ebn\u00ebsja Karabina tha se projektet n\u00eb fjal\u00eb jan\u00eb ideuar e mbrojtur nga kreu i qeveris\u00eb nd\u00ebrkoh\u00eb q\u00eb u kan\u00eb kushtuar qytetar\u00ebve rreth 450 milion\u00eb euro. \u201cP\u00ebr 8 vjet rrjesht, Kryeministri Rama dhe qeveria e drejtuar prej [&hellip;]<\/p>\n","protected":false,"gt_translate_keys":[{"key":"rendered","format":"html"}]},"author":51,"featured_media":610975,"comment_status":"closed","ping_status":"closed","sticky":false,"template":"","format":"standard","meta":{"footnotes":""},"categories":[65],"tags":[],"class_list":["post-612721","post","type-post","status-publish","format-standard","has-post-thumbnail","hentry","category-lajme"],"gt_translate_keys":[{"key":"link","format":"url"}],"_links":{"self":[{"href":"https:\/\/www.hashtag.al\/index.php\/wp-json\/wp\/v2\/posts\/612721","targetHints":{"allow":["GET"]}}],"collection":[{"href":"https:\/\/www.hashtag.al\/index.php\/wp-json\/wp\/v2\/posts"}],"about":[{"href":"https:\/\/www.hashtag.al\/index.php\/wp-json\/wp\/v2\/types\/post"}],"author":[{"embeddable":true,"href":"https:\/\/www.hashtag.al\/index.php\/wp-json\/wp\/v2\/users\/51"}],"replies":[{"embeddable":true,"href":"https:\/\/www.hashtag.al\/index.php\/wp-json\/wp\/v2\/comments?post=612721"}],"version-history":[{"count":0,"href":"https:\/\/www.hashtag.al\/index.php\/wp-json\/wp\/v2\/posts\/612721\/revisions"}],"wp:featuredmedia":[{"embeddable":true,"href":"https:\/\/www.hashtag.al\/index.php\/wp-json\/wp\/v2\/media\/610975"}],"wp:attachment":[{"href":"https:\/\/www.hashtag.al\/index.php\/wp-json\/wp\/v2\/media?parent=612721"}],"wp:term":[{"taxonomy":"category","embeddable":true,"href":"https:\/\/www.hashtag.al\/index.php\/wp-json\/wp\/v2\/categories?post=612721"},{"taxonomy":"post_tag","embeddable":true,"href":"https:\/\/www.hashtag.al\/index.php\/wp-json\/wp\/v2\/tags?post=612721"}],"curies":[{"name":"wp","href":"https:\/\/api.w.org\/{rel}","templated":true}]}}