{"id":612653,"date":"2023-08-24T11:20:18","date_gmt":"2023-08-24T09:20:18","guid":{"rendered":"https:\/\/www.hashtag.al\/?p=612653"},"modified":"2023-08-24T11:20:18","modified_gmt":"2023-08-24T09:20:18","slug":"ndezi-zjarr-per-te-djegur-barishtet-flaket-shkrumbojne-dhjetera-hektare-ndalohet-42-vjecari-ne-fier","status":"publish","type":"post","link":"https:\/\/www.hashtag.al\/index.php\/2023\/08\/24\/ndezi-zjarr-per-te-djegur-barishtet-flaket-shkrumbojne-dhjetera-hektare-ndalohet-42-vjecari-ne-fier\/","title":{"rendered":"Ndezi zjarr p\u00ebr t\u00eb djegur barishtet, flak\u00ebt shkrumbojn\u00eb dhjet\u00ebra hektar\u00eb, ndalohet 42-vje\u00e7ari n\u00eb Fier","gt_translate_keys":[{"key":"rendered","format":"text"}]},"content":{"rendered":"<p><img loading=\"lazy\" decoding=\"async\" class=\"aligncenter size-full wp-image-612655\" src=\"https:\/\/www.hashtag.al\/wp-content\/uploads\/2023\/08\/image_870x_64e717a515a86.webp\" alt=\"\" width=\"870\" height=\"506\" srcset=\"https:\/\/www.hashtag.al\/wp-content\/uploads\/2023\/08\/image_870x_64e717a515a86.webp 870w, https:\/\/www.hashtag.al\/wp-content\/uploads\/2023\/08\/image_870x_64e717a515a86-300x174.webp 300w, https:\/\/www.hashtag.al\/wp-content\/uploads\/2023\/08\/image_870x_64e717a515a86-768x447.webp 768w, https:\/\/www.hashtag.al\/wp-content\/uploads\/2023\/08\/image_870x_64e717a515a86-250x145.webp 250w\" sizes=\"auto, (max-width: 870px) 100vw, 870px\" \/><\/p>\n<p><span style=\"color: #000000;\">Nj\u00eb 42-vje\u00e7ar \u00ebsht\u00eb arrestuar n\u00eb Fier pasi akuzohet p\u00ebr nj\u00eb zjarrv\u00ebnie q\u00eb dogji dhjet\u00ebra hektar n\u00eb fshat. <\/span><\/p>\n<p><span style=\"color: #000000;\">N\u00eb pranga ka r\u00ebn\u00eb Fabio Rrapaj, i cili ndezi nj\u00eb zjarr p\u00ebr t\u00eb djegur barishtet n\u00eb tok\u00ebn e tij, po flak\u00ebt u p\u00ebrhap\u00ebn duke djegur nj\u00eb sip\u00ebrfaqe t\u00eb madhe.<\/span><\/p>\n<p><span style=\"color: #000000;\">Ngjarja ka ndodhur n\u00eb fshatin Jarua nd\u00ebrsa sip\u00ebrfaqja e djegur p\u00ebrfshin rreth 20 hektar\u00eb bim\u00ebsi, 2 hektar\u00eb vreshta e 400 rr\u00ebnj\u00eb ullinj.<\/span><\/p>\n","protected":false,"gt_translate_keys":[{"key":"rendered","format":"html"}]},"excerpt":{"rendered":"<p>Nj\u00eb 42-vje\u00e7ar \u00ebsht\u00eb arrestuar n\u00eb Fier pasi akuzohet p\u00ebr nj\u00eb zjarrv\u00ebnie q\u00eb dogji dhjet\u00ebra hektar n\u00eb fshat. N\u00eb pranga ka r\u00ebn\u00eb Fabio Rrapaj, i cili ndezi nj\u00eb zjarr p\u00ebr t\u00eb djegur barishtet n\u00eb tok\u00ebn e tij, po flak\u00ebt u p\u00ebrhap\u00ebn duke djegur nj\u00eb sip\u00ebrfaqe t\u00eb madhe. Ngjarja ka ndodhur n\u00eb fshatin Jarua nd\u00ebrsa sip\u00ebrfaqja e [&hellip;]<\/p>\n","protected":false,"gt_translate_keys":[{"key":"rendered","format":"html"}]},"author":51,"featured_media":612655,"comment_status":"closed","ping_status":"closed","sticky":false,"template":"","format":"standard","meta":{"footnotes":""},"categories":[65],"tags":[],"class_list":["post-612653","post","type-post","status-publish","format-standard","has-post-thumbnail","hentry","category-lajme"],"gt_translate_keys":[{"key":"link","format":"url"}],"_links":{"self":[{"href":"https:\/\/www.hashtag.al\/index.php\/wp-json\/wp\/v2\/posts\/612653","targetHints":{"allow":["GET"]}}],"collection":[{"href":"https:\/\/www.hashtag.al\/index.php\/wp-json\/wp\/v2\/posts"}],"about":[{"href":"https:\/\/www.hashtag.al\/index.php\/wp-json\/wp\/v2\/types\/post"}],"author":[{"embeddable":true,"href":"https:\/\/www.hashtag.al\/index.php\/wp-json\/wp\/v2\/users\/51"}],"replies":[{"embeddable":true,"href":"https:\/\/www.hashtag.al\/index.php\/wp-json\/wp\/v2\/comments?post=612653"}],"version-history":[{"count":0,"href":"https:\/\/www.hashtag.al\/index.php\/wp-json\/wp\/v2\/posts\/612653\/revisions"}],"wp:featuredmedia":[{"embeddable":true,"href":"https:\/\/www.hashtag.al\/index.php\/wp-json\/wp\/v2\/media\/612655"}],"wp:attachment":[{"href":"https:\/\/www.hashtag.al\/index.php\/wp-json\/wp\/v2\/media?parent=612653"}],"wp:term":[{"taxonomy":"category","embeddable":true,"href":"https:\/\/www.hashtag.al\/index.php\/wp-json\/wp\/v2\/categories?post=612653"},{"taxonomy":"post_tag","embeddable":true,"href":"https:\/\/www.hashtag.al\/index.php\/wp-json\/wp\/v2\/tags?post=612653"}],"curies":[{"name":"wp","href":"https:\/\/api.w.org\/{rel}","templated":true}]}}