{"id":612516,"date":"2023-08-23T17:51:15","date_gmt":"2023-08-23T15:51:15","guid":{"rendered":"https:\/\/www.hashtag.al\/?p=612516"},"modified":"2023-08-23T17:51:15","modified_gmt":"2023-08-23T15:51:15","slug":"terhiqet-greqia-pranon-ndihmen-e-shqiperise-ne-luften-me-zjarret-shkaterrimtare","status":"publish","type":"post","link":"https:\/\/www.hashtag.al\/index.php\/2023\/08\/23\/terhiqet-greqia-pranon-ndihmen-e-shqiperise-ne-luften-me-zjarret-shkaterrimtare\/","title":{"rendered":"T\u00ebrhiqet Greqia, pranon ndihm\u00ebn e Shqip\u00ebris\u00eb n\u00eb luft\u00ebn me zjarret shkat\u00ebrrimtare","gt_translate_keys":[{"key":"rendered","format":"text"}]},"content":{"rendered":"<p><img loading=\"lazy\" decoding=\"async\" class=\"aligncenter size-full wp-image-612517\" src=\"https:\/\/www.hashtag.al\/wp-content\/uploads\/2023\/08\/zjarrfikese.jpg\" alt=\"\" width=\"780\" height=\"440\" srcset=\"https:\/\/www.hashtag.al\/wp-content\/uploads\/2023\/08\/zjarrfikese.jpg 780w, https:\/\/www.hashtag.al\/wp-content\/uploads\/2023\/08\/zjarrfikese-300x169.jpg 300w, https:\/\/www.hashtag.al\/wp-content\/uploads\/2023\/08\/zjarrfikese-768x433.jpg 768w\" sizes=\"auto, (max-width: 780px) 100vw, 780px\" \/><\/p>\n<p><span style=\"color: #000000;\">Pak or\u00eb pasi hodhi posht\u00eb ndihm\u00ebn e Shqip\u00ebris\u00eb lidhur me zjarret q\u00eb kan\u00eb p\u00ebrfshir\u00eb vendin, Greqia ka pranuar mb\u00ebshtetjen nga Shqip\u00ebria. <\/span><\/p>\n<p><span style=\"color: #000000;\">58 zjarrfik\u00ebs e 10 mjete zjarrfik\u00ebse jan\u00eb nisur drejt vendit fqinj p\u00ebr ta ndihmuar k\u00ebt\u00eb t\u00eb fundit q\u00eb t\u00eb p\u00ebrballoj\u00eb gjendjen e v\u00ebshtir\u00eb t\u00eb shkaktuar nga zjarret.<\/span><\/p>\n<p><span style=\"color: #000000;\">Fillimisht Greqia k\u00ebrkon ndihm\u00eb p\u00ebrmes Mekanizmit Evropian t\u00eb Mbrojtjes Civile, ku b\u00ebn pjes\u00eb edhe Shqip\u00ebria. <\/span><\/p>\n<p><span style=\"color: #000000;\">Pas k\u00ebsaj 58 forca zjarrfik\u00ebse u nis\u00ebn por u lan\u00eb t\u00eb prisnin disa or\u00eb n\u00eb dogan\u00ebn e Kapshtic\u00ebs e m\u00eb pas u kthyen mbrapsht nga\u00a0 pala greke. Kjo e fundit tha se ishin plot\u00ebsuar nevojat p\u00ebr nd\u00ebrhyrjen nga toka.<\/span><\/p>\n<p><span style=\"color: #000000;\"><em>\u201cNga pala greke jemi njoftuar se nuk \u00ebsht\u00eb m\u00eb e nevojshme nd\u00ebrhyrja me modulet tok\u00ebsore t\u00eb ofruar nga Shqip\u00ebria p\u00ebr shkak se ato jan\u00eb plot\u00ebsuar nga vende t\u00eb tjera\u201d<\/em>, njoftoi ministria.<\/span><\/p>\n<p><span style=\"color: #000000;\">Megjithat\u00eb s\u00eb fundmi Greqia e ka pranuar ndihm\u00ebn e ofruar nga Shqip\u00ebria e zjarrfik\u00ebsit shqiptar\u00eb do nisen drejt vendit fqinj.<\/span><\/p>\n","protected":false,"gt_translate_keys":[{"key":"rendered","format":"html"}]},"excerpt":{"rendered":"<p>Pak or\u00eb pasi hodhi posht\u00eb ndihm\u00ebn e Shqip\u00ebris\u00eb lidhur me zjarret q\u00eb kan\u00eb p\u00ebrfshir\u00eb vendin, Greqia ka pranuar mb\u00ebshtetjen nga Shqip\u00ebria. 58 zjarrfik\u00ebs e 10 mjete zjarrfik\u00ebse jan\u00eb nisur drejt vendit fqinj p\u00ebr ta ndihmuar k\u00ebt\u00eb t\u00eb fundit q\u00eb t\u00eb p\u00ebrballoj\u00eb gjendjen e v\u00ebshtir\u00eb t\u00eb shkaktuar nga zjarret. Fillimisht Greqia k\u00ebrkon ndihm\u00eb p\u00ebrmes Mekanizmit Evropian [&hellip;]<\/p>\n","protected":false,"gt_translate_keys":[{"key":"rendered","format":"html"}]},"author":51,"featured_media":612517,"comment_status":"closed","ping_status":"closed","sticky":false,"template":"","format":"standard","meta":{"footnotes":""},"categories":[65],"tags":[],"class_list":["post-612516","post","type-post","status-publish","format-standard","has-post-thumbnail","hentry","category-lajme"],"gt_translate_keys":[{"key":"link","format":"url"}],"_links":{"self":[{"href":"https:\/\/www.hashtag.al\/index.php\/wp-json\/wp\/v2\/posts\/612516","targetHints":{"allow":["GET"]}}],"collection":[{"href":"https:\/\/www.hashtag.al\/index.php\/wp-json\/wp\/v2\/posts"}],"about":[{"href":"https:\/\/www.hashtag.al\/index.php\/wp-json\/wp\/v2\/types\/post"}],"author":[{"embeddable":true,"href":"https:\/\/www.hashtag.al\/index.php\/wp-json\/wp\/v2\/users\/51"}],"replies":[{"embeddable":true,"href":"https:\/\/www.hashtag.al\/index.php\/wp-json\/wp\/v2\/comments?post=612516"}],"version-history":[{"count":0,"href":"https:\/\/www.hashtag.al\/index.php\/wp-json\/wp\/v2\/posts\/612516\/revisions"}],"wp:featuredmedia":[{"embeddable":true,"href":"https:\/\/www.hashtag.al\/index.php\/wp-json\/wp\/v2\/media\/612517"}],"wp:attachment":[{"href":"https:\/\/www.hashtag.al\/index.php\/wp-json\/wp\/v2\/media?parent=612516"}],"wp:term":[{"taxonomy":"category","embeddable":true,"href":"https:\/\/www.hashtag.al\/index.php\/wp-json\/wp\/v2\/categories?post=612516"},{"taxonomy":"post_tag","embeddable":true,"href":"https:\/\/www.hashtag.al\/index.php\/wp-json\/wp\/v2\/tags?post=612516"}],"curies":[{"name":"wp","href":"https:\/\/api.w.org\/{rel}","templated":true}]}}