{"id":612448,"date":"2023-08-23T10:36:56","date_gmt":"2023-08-23T08:36:56","guid":{"rendered":"https:\/\/www.hashtag.al\/?p=612448"},"modified":"2023-08-23T10:36:56","modified_gmt":"2023-08-23T08:36:56","slug":"tentoi-te-vriste-me-arme-zjarri-nje-41-vjecar-dhe-kanosi-djalin-e-tij-arrestohet-23-vjecari-i-shpallur-ne-kerkim-ne-korce","status":"publish","type":"post","link":"https:\/\/www.hashtag.al\/index.php\/2023\/08\/23\/tentoi-te-vriste-me-arme-zjarri-nje-41-vjecar-dhe-kanosi-djalin-e-tij-arrestohet-23-vjecari-i-shpallur-ne-kerkim-ne-korce\/","title":{"rendered":"Tentoi t\u00eb vriste me arm\u00eb zjarri nj\u00eb 41-vje\u00e7ar, dhe kanosi djalin e tij, arrestohet 23-vje\u00e7ari i shpallur n\u00eb k\u00ebrkim n\u00eb Kor\u00e7\u00eb","gt_translate_keys":[{"key":"rendered","format":"text"}]},"content":{"rendered":"<p><span style=\"color: #000000;\"><a style=\"color: #000000;\" href=\"https:\/\/www.hashtag.al\/wp-content\/uploads\/2023\/08\/korvce.jpg\"><img loading=\"lazy\" decoding=\"async\" class=\"aligncenter size-full wp-image-612449\" src=\"https:\/\/www.hashtag.al\/wp-content\/uploads\/2023\/08\/korvce.jpg\" alt=\"\" width=\"896\" height=\"494\" srcset=\"https:\/\/www.hashtag.al\/wp-content\/uploads\/2023\/08\/korvce.jpg 896w, https:\/\/www.hashtag.al\/wp-content\/uploads\/2023\/08\/korvce-300x165.jpg 300w, https:\/\/www.hashtag.al\/wp-content\/uploads\/2023\/08\/korvce-768x423.jpg 768w, https:\/\/www.hashtag.al\/wp-content\/uploads\/2023\/08\/korvce-750x415.jpg 750w\" sizes=\"auto, (max-width: 896px) 100vw, 896px\" \/><\/a><\/span><\/p>\n<p><span style=\"color: #000000;\">Policia e Kor\u00e7\u00ebs ka arrestuar 23-vje\u00e7arin, Mateo Dudushi, i shpallur n\u00eb k\u00ebrkim q\u00eb prej dat\u00ebs 10 gusht, pasi tentoi t\u00eb vriste me arm\u00eb zjarri nj\u00eb 41-vje\u00e7ar dhe kanosi djalin e tij.<\/span><\/p>\n<p><span style=\"color: #000000;\">Gjithashtu \u00ebsht\u00eb proceduar penalisht v\u00ebllai i t\u00eb arrestuarit, Dhimitri Dudushi gjithashtu i shpallur n\u00eb k\u00ebrkim, si i p\u00ebrfshir\u00eb n\u00eb k\u00ebt\u00eb konflikt.<\/span><\/p>\n<p><span style=\"color: #000000;\"><strong>Njoftimi policis\u00eb:<\/strong><\/span><\/p>\n<p><span style=\"color: #000000;\">Tentoi t\u00eb vriste me arm\u00eb zjarri nj\u00eb 41-vje\u00e7ar dhe kanosi djalin e k\u00ebtij shtetasi, p\u00ebr shkak t\u00eb nj\u00eb konflikti nd\u00ebrmjet tyre, t\u00eb ndodhur m\u00eb dat\u00eb 10.08.2023, kapet dhe vihet n\u00eb pranga 23-vje\u00e7ari i shpallur n\u00eb k\u00ebrkim.<\/span><\/p>\n<p><span style=\"color: #000000;\">Procedohet penalisht v\u00ebllai i t\u00eb arrestuarit, gjithashtu i shpallur n\u00eb k\u00ebrkim, si i p\u00ebrfshir\u00eb n\u00eb k\u00ebt\u00eb konflikt.<\/span><\/p>\n<p><span style=\"color: #000000;\">Specialist\u00ebt p\u00ebr Hetimin e Krimeve t\u00eb Komisariatit t\u00eb Policis\u00eb Kor\u00e7\u00eb, n\u00eb bashk\u00ebpunim me specialist\u00ebt p\u00ebr Hetimin e Krimeve ndaj Personit t\u00eb DVP Kor\u00e7\u00eb dhe me sh\u00ebrbimet e Komisariatit t\u00eb Policis\u00eb Pogradec, si rezultat i informacioneve t\u00eb siguruara nga inteligjenca policore, mbi vendndodhjen e 2 shtetasve t\u00eb shpallur n\u00eb k\u00ebrkim p\u00ebr nj\u00eb konflikt t\u00eb ndodhur m\u00eb dat\u00eb 10.08.2023, n\u00eb lagjen nr. 17, Kor\u00e7\u00eb, kan\u00eb b\u00ebr\u00eb t\u00eb mundur lokalizimin dhe kapjen e tyre.<\/span><\/p>\n<p><span style=\"color: #000000;\">P\u00ebr k\u00ebt\u00eb rast u vu n\u00eb pranga shtetasi M. D., 23 vje\u00e7 dhe u referuan materialet n\u00eb Prokurori ku nisi procedimi n\u00eb gjendje t\u00eb lir\u00eb, p\u00ebr v\u00ebllan\u00eb e tij, shtetasin Dh. D., 20 vje\u00e7, t\u00eb dy banues n\u00eb Kor\u00e7\u00eb.<\/span><\/p>\n<p><span style=\"color: #000000;\">Nga veprimet e thelluara hetimore ka rezultuar se shtetasi M. D., n\u00eb bashk\u00ebpunim me v\u00ebllan\u00eb e tij dhe me shtetasin M. S. (i arrestuar nga Policia, m\u00eb dat\u00eb 11.08.2023), kan\u00eb kanosur shtetasit F. R., 41 vje\u00e7 dhe F. R., 22 vje\u00e7 (babai dhe djali), p\u00ebr shkak t\u00eb nj\u00eb konflikti nd\u00ebrmjet tyre. Gjithashtu, dyshohet se gjat\u00eb k\u00ebtij konflikti, shtetasi i v\u00ebn\u00eb n\u00eb pranga, M. D. ka q\u00eblluar me arm\u00eb zjarri, n\u00eb drejtim t\u00eb 41-vje\u00e7arit. Nga t\u00eb sht\u00ebnat nuk ka shtetas t\u00eb d\u00ebmtuar.<\/span><\/p>\n<p><span style=\"color: #000000;\">Materialet procedurale i kaluan Prokuroris\u00eb pran\u00eb Gjykat\u00ebs s\u00eb Shkall\u00ebs s\u00eb Par\u00eb t\u00eb Juridiksionit t\u00eb P\u00ebrgjithsh\u00ebm Kor\u00e7\u00eb, p\u00ebr veprime t\u00eb m\u00ebtejshme.<\/span><\/p>\n","protected":false,"gt_translate_keys":[{"key":"rendered","format":"html"}]},"excerpt":{"rendered":"<p>Policia e Kor\u00e7\u00ebs ka arrestuar 23-vje\u00e7arin, Mateo Dudushi, i shpallur n\u00eb k\u00ebrkim q\u00eb prej dat\u00ebs 10 gusht, pasi tentoi t\u00eb vriste me arm\u00eb zjarri nj\u00eb 41-vje\u00e7ar dhe kanosi djalin e tij. Gjithashtu \u00ebsht\u00eb proceduar penalisht v\u00ebllai i t\u00eb arrestuarit, Dhimitri Dudushi gjithashtu i shpallur n\u00eb k\u00ebrkim, si i p\u00ebrfshir\u00eb n\u00eb k\u00ebt\u00eb konflikt. Njoftimi policis\u00eb: Tentoi [&hellip;]<\/p>\n","protected":false,"gt_translate_keys":[{"key":"rendered","format":"html"}]},"author":32,"featured_media":612449,"comment_status":"closed","ping_status":"closed","sticky":false,"template":"","format":"standard","meta":{"footnotes":""},"categories":[65,13],"tags":[],"class_list":["post-612448","post","type-post","status-publish","format-standard","has-post-thumbnail","hentry","category-lajme","category-te-fundit"],"gt_translate_keys":[{"key":"link","format":"url"}],"_links":{"self":[{"href":"https:\/\/www.hashtag.al\/index.php\/wp-json\/wp\/v2\/posts\/612448","targetHints":{"allow":["GET"]}}],"collection":[{"href":"https:\/\/www.hashtag.al\/index.php\/wp-json\/wp\/v2\/posts"}],"about":[{"href":"https:\/\/www.hashtag.al\/index.php\/wp-json\/wp\/v2\/types\/post"}],"author":[{"embeddable":true,"href":"https:\/\/www.hashtag.al\/index.php\/wp-json\/wp\/v2\/users\/32"}],"replies":[{"embeddable":true,"href":"https:\/\/www.hashtag.al\/index.php\/wp-json\/wp\/v2\/comments?post=612448"}],"version-history":[{"count":0,"href":"https:\/\/www.hashtag.al\/index.php\/wp-json\/wp\/v2\/posts\/612448\/revisions"}],"wp:featuredmedia":[{"embeddable":true,"href":"https:\/\/www.hashtag.al\/index.php\/wp-json\/wp\/v2\/media\/612449"}],"wp:attachment":[{"href":"https:\/\/www.hashtag.al\/index.php\/wp-json\/wp\/v2\/media?parent=612448"}],"wp:term":[{"taxonomy":"category","embeddable":true,"href":"https:\/\/www.hashtag.al\/index.php\/wp-json\/wp\/v2\/categories?post=612448"},{"taxonomy":"post_tag","embeddable":true,"href":"https:\/\/www.hashtag.al\/index.php\/wp-json\/wp\/v2\/tags?post=612448"}],"curies":[{"name":"wp","href":"https:\/\/api.w.org\/{rel}","templated":true}]}}