{"id":612167,"date":"2023-08-21T10:08:52","date_gmt":"2023-08-21T08:08:52","guid":{"rendered":"https:\/\/www.hashtag.al\/?p=612167"},"modified":"2023-08-21T10:08:52","modified_gmt":"2023-08-21T08:08:52","slug":"avokatet-e-fredi-belerit-tjeter-kerkese-ne-gjykate-kerkojne-lirimin","status":"publish","type":"post","link":"https:\/\/www.hashtag.al\/index.php\/2023\/08\/21\/avokatet-e-fredi-belerit-tjeter-kerkese-ne-gjykate-kerkojne-lirimin\/","title":{"rendered":"Avokat\u00ebt e Fredi Belerit tjet\u00ebr k\u00ebrkes\u00eb n\u00eb gjykat\u00eb, k\u00ebrkojn\u00eb lirimin","gt_translate_keys":[{"key":"rendered","format":"text"}]},"content":{"rendered":"<p><img loading=\"lazy\" decoding=\"async\" class=\"aligncenter size-full wp-image-598036\" src=\"https:\/\/www.hashtag.al\/wp-content\/uploads\/2023\/05\/beleri-3.jpg\" alt=\"\" width=\"1359\" height=\"665\" srcset=\"https:\/\/www.hashtag.al\/wp-content\/uploads\/2023\/05\/beleri-3.jpg 1359w, https:\/\/www.hashtag.al\/wp-content\/uploads\/2023\/05\/beleri-3-300x147.jpg 300w, https:\/\/www.hashtag.al\/wp-content\/uploads\/2023\/05\/beleri-3-1024x501.jpg 1024w, https:\/\/www.hashtag.al\/wp-content\/uploads\/2023\/05\/beleri-3-768x376.jpg 768w\" sizes=\"auto, (max-width: 1359px) 100vw, 1359px\" \/><\/p>\n<p><span style=\"color: #000000;\">Avokat\u00ebt e Fredi Belerit kan\u00eb k\u00ebrkuar lirimin e tij n\u00eb Gjykat\u00ebn e Posa\u00e7me. <\/span><\/p>\n<p><span style=\"color: #000000;\">Ata k\u00ebrkojn\u00eb ndryshimine\u00a0 mas\u00ebs s\u00eb siguris\u00eb gj\u00eb q\u00eb do i mund\u00ebsonte Belerit betimin si kryebashkiak i Himar\u00ebs pas zgjedhjes s\u00eb tij n\u00eb 14 maj. <\/span><\/p>\n<p><span style=\"color: #000000;\">N\u00ebse ai nuk lirohet deri n\u00eb mes t\u00eb shtatorit p\u00ebr t\u2019u betuar, e humb k\u00ebt\u00eb t\u00eb drejt\u00eb. Beleri u a rrestua tre\u00a0 dit\u00eb para zgjedhjeve lokale t\u00eb 14 majit, me akuz\u00ebn e blerjes s\u00eb votave. <\/span><\/p>\n<p><span style=\"color: #000000;\">Avokat\u00ebt dhe vet\u00eb Beleri e kan\u00eb kund\u00ebrshtuar me forc\u00eb akuz\u00ebn e prokuroris\u00eb nd\u00ebrsa sipas k\u00ebsaj t\u00eb fundit ka prova p\u00ebr k\u00ebt\u00eb. <\/span><\/p>\n<p><span style=\"color: #000000;\">Qeveria greke p\u00ebrmes kryeministrit Mitsotaqis, ministrave e deputet\u00ebve kan\u00eb d\u00ebnuar arrestimin e Belerit e\u00a0 kan\u00eb k\u00ebrkuar lirimin e tij duke paralajm\u00ebruar p\u00ebr masa. <\/span><\/p>\n<p><span style=\"color: #000000;\">Pak dit\u00eb m\u00eb par\u00eb n\u00eb HImar\u00eb u organizua nj\u00eb tubim n\u00eb mb\u00ebshtetje t\u00eb Belerit ku mor\u00ebn pjes\u00eb edhe dy kryebashkiak\u00ebt e Athin\u00ebs e Selanikut. <\/span><\/p>\n<p><span style=\"color: #000000;\">Kryeministri Rama nga ana e tij ka d\u00ebnuar nd\u00ebrhyrjen e Greqis\u00eb n\u00eb pun\u00ebt e drejt\u00ebsis\u00eb shqiptare. <\/span><\/p>\n<p><span style=\"color: #000000;\">Ky i fundit u la jasht\u00eb samitit t\u00eb thirrur nga kryeministri grek n\u00eb Athin\u00eb ku marrin pjes\u00eb krer\u00ebt e vendeve t\u00eb Ballkanit per\u00ebndimor.<\/span><\/p>\n","protected":false,"gt_translate_keys":[{"key":"rendered","format":"html"}]},"excerpt":{"rendered":"<p>Avokat\u00ebt e Fredi Belerit kan\u00eb k\u00ebrkuar lirimin e tij n\u00eb Gjykat\u00ebn e Posa\u00e7me. Ata k\u00ebrkojn\u00eb ndryshimine\u00a0 mas\u00ebs s\u00eb siguris\u00eb gj\u00eb q\u00eb do i mund\u00ebsonte Belerit betimin si kryebashkiak i Himar\u00ebs pas zgjedhjes s\u00eb tij n\u00eb 14 maj. N\u00ebse ai nuk lirohet deri n\u00eb mes t\u00eb shtatorit p\u00ebr t\u2019u betuar, e humb k\u00ebt\u00eb t\u00eb drejt\u00eb. Beleri [&hellip;]<\/p>\n","protected":false,"gt_translate_keys":[{"key":"rendered","format":"html"}]},"author":51,"featured_media":598036,"comment_status":"closed","ping_status":"closed","sticky":false,"template":"","format":"standard","meta":{"footnotes":""},"categories":[65],"tags":[],"class_list":["post-612167","post","type-post","status-publish","format-standard","has-post-thumbnail","hentry","category-lajme"],"gt_translate_keys":[{"key":"link","format":"url"}],"_links":{"self":[{"href":"https:\/\/www.hashtag.al\/index.php\/wp-json\/wp\/v2\/posts\/612167","targetHints":{"allow":["GET"]}}],"collection":[{"href":"https:\/\/www.hashtag.al\/index.php\/wp-json\/wp\/v2\/posts"}],"about":[{"href":"https:\/\/www.hashtag.al\/index.php\/wp-json\/wp\/v2\/types\/post"}],"author":[{"embeddable":true,"href":"https:\/\/www.hashtag.al\/index.php\/wp-json\/wp\/v2\/users\/51"}],"replies":[{"embeddable":true,"href":"https:\/\/www.hashtag.al\/index.php\/wp-json\/wp\/v2\/comments?post=612167"}],"version-history":[{"count":0,"href":"https:\/\/www.hashtag.al\/index.php\/wp-json\/wp\/v2\/posts\/612167\/revisions"}],"wp:featuredmedia":[{"embeddable":true,"href":"https:\/\/www.hashtag.al\/index.php\/wp-json\/wp\/v2\/media\/598036"}],"wp:attachment":[{"href":"https:\/\/www.hashtag.al\/index.php\/wp-json\/wp\/v2\/media?parent=612167"}],"wp:term":[{"taxonomy":"category","embeddable":true,"href":"https:\/\/www.hashtag.al\/index.php\/wp-json\/wp\/v2\/categories?post=612167"},{"taxonomy":"post_tag","embeddable":true,"href":"https:\/\/www.hashtag.al\/index.php\/wp-json\/wp\/v2\/tags?post=612167"}],"curies":[{"name":"wp","href":"https:\/\/api.w.org\/{rel}","templated":true}]}}