{"id":612017,"date":"2023-08-20T14:28:58","date_gmt":"2023-08-20T12:28:58","guid":{"rendered":"https:\/\/www.hashtag.al\/?p=612017"},"modified":"2023-08-20T14:28:58","modified_gmt":"2023-08-20T12:28:58","slug":"samiti-ne-athine-berisha-refuzimi-i-begajt-i-pamenduar-mitsotakis-nuk-e-ftoi-me-te-drejte-ramen","status":"publish","type":"post","link":"https:\/\/www.hashtag.al\/index.php\/2023\/08\/20\/samiti-ne-athine-berisha-refuzimi-i-begajt-i-pamenduar-mitsotakis-nuk-e-ftoi-me-te-drejte-ramen\/","title":{"rendered":"Samiti n\u00eb Athin\u00eb\/ Berisha: Refuzimi i Begajt i pamenduar, Mitsotakis nuk e ftoi me t\u00eb drejt\u00eb Ram\u00ebn","gt_translate_keys":[{"key":"rendered","format":"text"}]},"content":{"rendered":"<p><span style=\"color: #000000;\"><a href=\"https:\/\/www.hashtag.al\/wp-content\/uploads\/2023\/07\/berisha-5-770x405-1.jpg\"><img loading=\"lazy\" decoding=\"async\" class=\"aligncenter size-full wp-image-608466\" src=\"https:\/\/www.hashtag.al\/wp-content\/uploads\/2023\/07\/berisha-5-770x405-1.jpg\" alt=\"\" width=\"770\" height=\"405\" srcset=\"https:\/\/www.hashtag.al\/wp-content\/uploads\/2023\/07\/berisha-5-770x405-1.jpg 770w, https:\/\/www.hashtag.al\/wp-content\/uploads\/2023\/07\/berisha-5-770x405-1-300x158.jpg 300w, https:\/\/www.hashtag.al\/wp-content\/uploads\/2023\/07\/berisha-5-770x405-1-768x404.jpg 768w\" sizes=\"auto, (max-width: 770px) 100vw, 770px\" \/><\/a><\/span><\/p>\n<p><span style=\"color: #000000;\">\u2018<em>Refuzimi i ftes\u00ebs p\u00ebr Samitin e Athin\u00ebs \u00ebsht\u00eb bojkot, vet\u00ebp\u00ebrjashtim nga nj\u00eb nism\u00eb europiane\u2019<\/em>, k\u00ebshtu e ka cil\u00ebsuar ish kryemnistri Berisha, ftes\u00ebn e refuzuar t\u00eb presidentit Bajram Begaj ndaj samitit n\u00eb Athin\u00eb t\u00eb organizuar nga kryeministri grek Mitsotakis.<\/span><\/p>\n<p><span style=\"color: #000000;\">P\u00ebr ish-kryeministrin Sali Berisha, reagimi i Presidentit t\u00eb Republik\u00ebs Bajram Begaj p\u00ebr mos marr\u00eb pjes\u00eb \u00ebsht\u00eb i pamenduar dhe nuk p\u00ebrfaq\u00ebson mendimin dhe interesat europiane t\u00eb qytetar\u00ebve dhe forcave politike t\u00eb vendit as dhe detyrimet p\u00ebr nj\u00eb fqinj\u00ebsi t\u00eb mir\u00eb, por strikt mendimin e Edi Ram\u00ebs dhe interesat mafioze t\u00eb k\u00ebtij t\u00eb fundit<\/span><\/p>\n<p><span style=\"color: #000000;\">Ai thot\u00eb m\u00eb tej se kryeministri i Greqis\u00eb nuk ftoi me t\u00eb drejt\u00eb Edi Ram\u00ebn p\u00ebr shkak t\u00eb shkeljes nga ai i t\u00eb drejtave kushtetuese n\u00eb rastin Beleri n\u00eb ve\u00e7anti dhe se ftes\u00ebn p\u00ebr Shqip\u00ebrin\u00eb ia ka d\u00ebrguar n\u00eb p\u00ebrputhje edhe me protokollin europian t\u00eb k\u00ebtyre samiteve, Presidentit t\u00eb Republik\u00ebs.<\/span><\/p>\n<p>&nbsp;<\/p>\n<p>&nbsp;<\/p>\n<p><span style=\"color: #000000;\">POSTIMI I PLOT\u00cb I BERISH\u00cbS<\/span><\/p>\n<p><span style=\"color: #000000;\"><em>Refuzimi i ftes\u00ebs p\u00ebr Samitin e Athin\u00ebs \u00ebsht\u00eb bojkot, vet\u00ebp\u00ebrjashtim nga nj\u00eb nism\u00eb europiane<\/em><\/span><\/p>\n<p><span style=\"color: #000000;\"><em>T\u00eb dashur miq, Greqia \u00ebsht\u00eb vendi i deklarat\u00ebs t\u00eb Samitit t\u00eb Selanikut, dokumentit ligjor themelor t\u00eb zotimit zyrtar t\u00eb Bashkimit Europian p\u00ebr ofrimin dhe sigurin\u00eb e perspektiv\u00ebs europiane, vendeve t\u00eb rajonit ton\u00eb nga BE. N\u00eb k\u00ebt\u00eb kuad\u00ebr kryeministri i Greqis\u00eb, Qirjako Micotaqis (Kyriakos Mitsotakis), organizon takim t\u00eb nivelit m\u00eb t\u00eb lart\u00eb me lider\u00ebt e vendeve t\u00eb rajonit n\u00eb t\u00eb cilin marrin pjes\u00eb presidentja e Komisionit Europian Ursula von der Leyen, presidenti i K\u00ebshillit Europian Charles Michel dhe personalitet e tjera kryesore t\u00eb BE.<\/em><\/span><\/p>\n<p><span style=\"color: #000000;\"><em>Kryeministri i Greqis\u00eb nuk ftoi me t\u00eb drejt\u00eb Edi Ram\u00ebn p\u00ebr shkak t\u00eb shkeljes nga ai i t\u00eb drejtave kushtetuese, t\u00eb drejtave q\u00eb garanton Konventa Europiane t\u00eb Drejtave t\u00eb Njeriut dhe Kodi Zgjedhor, e ligje t\u00eb tjera t\u00eb vendit t\u00eb qytetar\u00ebve shqiptar n\u00eb fars\u00ebn elektorale m\u00eb 14 maj n\u00eb t\u00ebr\u00ebsi dhe rastin Beleri n\u00eb ve\u00e7anti. Por ai ftes\u00ebn p\u00ebr Shqip\u00ebrin\u00eb ia ka d\u00ebrguar n\u00eb p\u00ebrputhje edhe me protokollin europian t\u00eb k\u00ebtyre samiteve, Presidentit t\u00eb Republik\u00ebs. Mir\u00ebpo n\u00eb nj\u00eb akt t\u00eb pamenduar n\u00eb vler\u00ebsimin tim, Presidenti i Republik\u00ebs de facto ka refuzuar ftes\u00ebn duke menduar se me refuzimin e tij do t\u2019i imponoj\u00eb kryeministrit Mitsotakis t\u00eb ftoj\u00eb Edi Ram\u00ebn.<\/em><\/span><\/p>\n<p><span style=\"color: #000000;\"><em>Me k\u00ebt\u00eb akt z.Begaj midis interesave europiane t\u00eb shqiptar\u00ebve dhe interesave mafioze personale antieuropiane t\u00eb Edi Ram\u00ebs, zgjodhi Edi Ram\u00ebn. Ai mori p\u00ebrsip\u00ebr t\u00eb bojkotoj\u00eb samitin dhe refuzoi ftes\u00ebn.<\/em><\/span><\/p>\n<p><span style=\"color: #000000;\"><em>Reagimi i presidentit \u00ebsht\u00eb i pamenduar dhe nuk p\u00ebrfaq\u00ebson mendimin dhe interesat europiane t\u00eb qytetar\u00ebve dhe forcave politike t\u00eb vendit as dhe detyrimet p\u00ebr nj\u00eb fqinj\u00ebsi t\u00eb mir\u00eb, por strikt mendimin e Edi Ram\u00ebs dhe interesat mafioze t\u00eb k\u00ebtij t\u00eb fundit.<\/em><\/span><\/p>\n<p><span style=\"color: #000000;\"><em>Presidenti i Republik\u00ebs n\u00eb vend t\u00eb nd\u00ebrhyrjes p\u00ebr zgjidhjen e problemit Beleri, t\u00eb stisur nga Edi Rama nga alfa tek omega dhe n\u00eb shkelje t\u00eb ligjeve t\u00eb vendit, zbaton urdhrat e Ram\u00ebs.<\/em><\/span><\/p>\n","protected":false,"gt_translate_keys":[{"key":"rendered","format":"html"}]},"excerpt":{"rendered":"<p>\u2018Refuzimi i ftes\u00ebs p\u00ebr Samitin e Athin\u00ebs \u00ebsht\u00eb bojkot, vet\u00ebp\u00ebrjashtim nga nj\u00eb nism\u00eb europiane\u2019, k\u00ebshtu e ka cil\u00ebsuar ish kryemnistri Berisha, ftes\u00ebn e refuzuar t\u00eb presidentit Bajram Begaj ndaj samitit n\u00eb Athin\u00eb t\u00eb organizuar nga kryeministri grek Mitsotakis. P\u00ebr ish-kryeministrin Sali Berisha, reagimi i Presidentit t\u00eb Republik\u00ebs Bajram Begaj p\u00ebr mos marr\u00eb pjes\u00eb \u00ebsht\u00eb i [&hellip;]<\/p>\n","protected":false,"gt_translate_keys":[{"key":"rendered","format":"html"}]},"author":30,"featured_media":608466,"comment_status":"closed","ping_status":"closed","sticky":false,"template":"","format":"standard","meta":{"footnotes":""},"categories":[65],"tags":[],"class_list":["post-612017","post","type-post","status-publish","format-standard","has-post-thumbnail","hentry","category-lajme"],"gt_translate_keys":[{"key":"link","format":"url"}],"_links":{"self":[{"href":"https:\/\/www.hashtag.al\/index.php\/wp-json\/wp\/v2\/posts\/612017","targetHints":{"allow":["GET"]}}],"collection":[{"href":"https:\/\/www.hashtag.al\/index.php\/wp-json\/wp\/v2\/posts"}],"about":[{"href":"https:\/\/www.hashtag.al\/index.php\/wp-json\/wp\/v2\/types\/post"}],"author":[{"embeddable":true,"href":"https:\/\/www.hashtag.al\/index.php\/wp-json\/wp\/v2\/users\/30"}],"replies":[{"embeddable":true,"href":"https:\/\/www.hashtag.al\/index.php\/wp-json\/wp\/v2\/comments?post=612017"}],"version-history":[{"count":0,"href":"https:\/\/www.hashtag.al\/index.php\/wp-json\/wp\/v2\/posts\/612017\/revisions"}],"wp:featuredmedia":[{"embeddable":true,"href":"https:\/\/www.hashtag.al\/index.php\/wp-json\/wp\/v2\/media\/608466"}],"wp:attachment":[{"href":"https:\/\/www.hashtag.al\/index.php\/wp-json\/wp\/v2\/media?parent=612017"}],"wp:term":[{"taxonomy":"category","embeddable":true,"href":"https:\/\/www.hashtag.al\/index.php\/wp-json\/wp\/v2\/categories?post=612017"},{"taxonomy":"post_tag","embeddable":true,"href":"https:\/\/www.hashtag.al\/index.php\/wp-json\/wp\/v2\/tags?post=612017"}],"curies":[{"name":"wp","href":"https:\/\/api.w.org\/{rel}","templated":true}]}}